{"id":16,"date":"2022-12-23T19:30:14","date_gmt":"2022-12-23T18:30:14","guid":{"rendered":"https:\/\/www.joelmariteau.fr\/carnet\/?p=16"},"modified":"2023-12-26T11:58:12","modified_gmt":"2023-12-26T10:58:12","slug":"indice-de-position-sociale-des-colleges-des-cotes-darmor","status":"publish","type":"post","link":"https:\/\/www.joelmariteau.fr\/carnet\/2022\/12\/indice-de-position-sociale-des-colleges-des-cotes-darmor\/","title":{"rendered":"Indice de position sociale des coll\u00e8ges des C\u00f4tes d&rsquo;Armor"},"content":{"rendered":"\n<p class=\"has-light-gray-background-color has-background\"><strong>La cartographie des indices de position sociale des coll\u00e8ges du d\u00e9partement 22 r\u00e9v\u00e8lent peu de surprises \u00e0 l&rsquo;\u00e9chelle d\u00e9partementale mais confirme que le r\u00e9seau priv\u00e9 ne joue pas le jeu de la mixit\u00e9 scolaire.<\/strong><\/p>\n\n\n\n<p>R\u00e9alis\u00e9e avec <abbr class='c2c-text-hover' title='Application SIG professionnelle construite sur des briques Open Source et fi\u00e8re d&#039;\u00eatre elle-m\u00eame un Logiciel Libre Open Source (FOSS).'>QGIS<\/abbr> sur la base des donn\u00e9es du minist\u00e8re, la carte g\u00e9n\u00e9rale et celle des principales agglom\u00e9rations sont conformes aux hypoth\u00e8ses.<\/p>\n\n\n\n<figure class=\"wp-block-image size-large\"><img loading=\"lazy\" decoding=\"async\" width=\"1024\" height=\"724\" src=\"https:\/\/www.joelmariteau.fr\/carnet\/wp-content\/uploads\/2023\/01\/image-3-1024x724.png\" alt=\"\" class=\"wp-image-173\" srcset=\"https:\/\/www.joelmariteau.fr\/carnet\/wp-content\/uploads\/2023\/01\/image-3-1024x724.png 1024w, https:\/\/www.joelmariteau.fr\/carnet\/wp-content\/uploads\/2023\/01\/image-3-300x212.png 300w, https:\/\/www.joelmariteau.fr\/carnet\/wp-content\/uploads\/2023\/01\/image-3-768x543.png 768w, https:\/\/www.joelmariteau.fr\/carnet\/wp-content\/uploads\/2023\/01\/image-3-1536x1085.png 1536w, https:\/\/www.joelmariteau.fr\/carnet\/wp-content\/uploads\/2023\/01\/image-3-2048x1447.png 2048w\" sizes=\"auto, (max-width: 1024px) 100vw, 1024px\" \/><figcaption class=\"wp-element-caption\"><em>Carte des <abbr class='c2c-text-hover' title='Indice de Position Sociale'>IPS<\/abbr> des coll\u00e8ges des C\u00f4tes d&rsquo;Armor, r\u00e9alis\u00e9e avec Qgis.<\/em><\/figcaption><\/figure>\n\n\n\n<p>Le niveau moyen d&rsquo;environ 103 correspond au niveau socio-\u00e9conomique moyen des populations du d\u00e9partement, et r\u00e9v\u00e8le des \u00e9carts sensibles selon les territoires. On peut noter la concentration des plus forts <abbr class='c2c-text-hover' title='Indice de Position Sociale'>IPS<\/abbr> dans le Tr\u00e9gor.<\/p>\n\n\n\n<h5 class=\"has-background-color has-cyan-bluish-gray-background-color has-text-color has-background wp-block-heading\"><strong><abbr class='c2c-text-hover' title='Indice de Position Sociale'>IPS<\/abbr> DES COLLEGES DES COTES D\u2019ARMOR<\/strong><\/h5>\n\n\n\n<figure class=\"wp-block-table\"><table><tbody><tr><td><\/td><td><strong>N<\/strong>ombre<\/td><td><strong><abbr class='c2c-text-hover' title='Indice de Position Sociale'>IPS<\/abbr> &lt; 100<\/strong><\/td><td><strong><abbr class='c2c-text-hover' title='Indice de Position Sociale'>IPS<\/abbr> &gt;=100<\/strong><\/td><\/tr><tr><td><strong>ETB Public<\/strong><\/td><td><strong>47<\/strong><\/td><td><strong>21<\/strong><\/td><td><strong>26<\/strong><\/td><\/tr><tr><td><strong>ETB Priv\u00e9<\/strong><\/td><td><strong>32<\/strong><\/td><td><strong>13<\/strong><\/td><td><strong>19<\/strong><\/td><\/tr><tr><td><strong>Total<\/strong><\/td><td><strong>79<\/strong><\/td><td><strong>34<\/strong><\/td><td><strong>45<\/strong><\/td><\/tr><\/tbody><\/table><figcaption class=\"wp-element-caption\"><em>Quelques \u00e9l\u00e9ments statistiques<\/em><\/figcaption><\/figure>\n\n\n\n<figure class=\"wp-block-table\"><table><tbody><tr><td><strong>Moyenne<\/strong><\/td><td><strong>M\u00e9diane<\/strong><\/td><td><strong><abbr class='c2c-text-hover' title='Indice de Position Sociale'>IPS<\/abbr> minimale<\/strong><\/td><td><strong><abbr class='c2c-text-hover' title='Indice de Position Sociale'>IPS<\/abbr> maximale<\/strong><\/td><\/tr><tr><td>102,97<\/td><td>101,5<\/td><td>76,8<\/td><td>131,3<\/td><\/tr><\/tbody><\/table><\/figure>\n\n\n\n<p>Si les \u00e9carts pr\u00e9sents y sont moindres que dans d&rsquo;autres d\u00e9partements, ceux-ci r\u00e9v\u00e8lent toutefois un fort gradient Nord\/Sud, marqu\u00e9 par la c\u00e9sure g\u00e9ographique form\u00e9e par la RN12.<\/p>\n\n\n\n<figure class=\"wp-block-image size-large\"><img loading=\"lazy\" decoding=\"async\" width=\"1024\" height=\"653\" src=\"https:\/\/www.joelmariteau.fr\/carnet\/wp-content\/uploads\/2022\/12\/image-3-1024x653.png\" alt=\"\" class=\"wp-image-18\" srcset=\"https:\/\/www.joelmariteau.fr\/carnet\/wp-content\/uploads\/2022\/12\/image-3-1024x653.png 1024w, https:\/\/www.joelmariteau.fr\/carnet\/wp-content\/uploads\/2022\/12\/image-3-300x191.png 300w, https:\/\/www.joelmariteau.fr\/carnet\/wp-content\/uploads\/2022\/12\/image-3-768x490.png 768w, https:\/\/www.joelmariteau.fr\/carnet\/wp-content\/uploads\/2022\/12\/image-3.png 1200w\" sizes=\"auto, (max-width: 1024px) 100vw, 1024px\" \/><figcaption class=\"wp-element-caption\"><em>Un gradient Nord\/Sud. Les <abbr class='c2c-text-hover' title='Indice de Position Sociale'>IPS<\/abbr> les plus forts sont g\u00e9n\u00e9ralement dans les territoires dynamiques, accessibles, les <abbr class='c2c-text-hover' title='Indice de Position Sociale'>IPS<\/abbr> plus faibles dans les territoires en d\u00e9prise et\/ou \u00e9loign\u00e9s des espaces m\u00e9tropolitains.<\/em><\/figcaption><\/figure>\n\n\n\n<p>C&rsquo;est dans les grandes agglom\u00e9rations que les \u00e9carts sont les plus sensibles et t\u00e9moignent du jeu des \u00e9tablissements priv\u00e9s. <\/p>\n\n\n\n<figure class=\"wp-block-image size-large\"><img loading=\"lazy\" decoding=\"async\" width=\"1024\" height=\"724\" src=\"https:\/\/www.joelmariteau.fr\/carnet\/wp-content\/uploads\/2023\/01\/image-4-1024x724.png\" alt=\"\" class=\"wp-image-175\" srcset=\"https:\/\/www.joelmariteau.fr\/carnet\/wp-content\/uploads\/2023\/01\/image-4-1024x724.png 1024w, https:\/\/www.joelmariteau.fr\/carnet\/wp-content\/uploads\/2023\/01\/image-4-300x212.png 300w, https:\/\/www.joelmariteau.fr\/carnet\/wp-content\/uploads\/2023\/01\/image-4-768x543.png 768w, https:\/\/www.joelmariteau.fr\/carnet\/wp-content\/uploads\/2023\/01\/image-4-1536x1085.png 1536w, https:\/\/www.joelmariteau.fr\/carnet\/wp-content\/uploads\/2023\/01\/image-4-2048x1447.png 2048w\" sizes=\"auto, (max-width: 1024px) 100vw, 1024px\" \/><figcaption class=\"wp-element-caption\"><em>Des \u00e9carts sensibles entre les coll\u00e8ges de l&rsquo;agglom\u00e9ration briochine.<\/em><\/figcaption><\/figure>\n\n\n\n<p>A Saint-Brieuc on peut noter un \u00e9cart sensible entre le coll\u00e8ge Saint-Charles (<abbr class='c2c-text-hover' title='Indice de Position Sociale'>IPS<\/abbr>: 131,3) au c\u0153ur de la ville, \u00e9tablissement tr\u00e8s s\u00e9lectif qui capte les publics dont les <abbr class='c2c-text-hover' title='Indice de Position Sociale'>IPS<\/abbr> sont les plus \u00e9lev\u00e9s avec le coll\u00e8ge Saint-Pierre (<abbr class='c2c-text-hover' title='Indice de Position Sociale'>IPS<\/abbr>: 120,3), \u00e9tablissement satellite pr\u00e9sent \u00e9galement au centre ville. <\/p>\n\n\n\n<p>A l&rsquo;exception du coll\u00e8ge Le Braz situ\u00e9 \u00e9galement au centre-ville, avec un <abbr class='c2c-text-hover' title='Indice de Position Sociale'>IPS<\/abbr> est de 109,5, les coll\u00e8ges publics sont situ\u00e9s en p\u00e9riph\u00e9rie et pr\u00e9sentent des <abbr class='c2c-text-hover' title='Indice de Position Sociale'>IPS<\/abbr> moindres (entre 93 et 96).<\/p>\n\n\n\n<figure class=\"wp-block-image size-large\"><img loading=\"lazy\" decoding=\"async\" width=\"1024\" height=\"652\" src=\"https:\/\/www.joelmariteau.fr\/carnet\/wp-content\/uploads\/2022\/12\/image-5-1024x652.png\" alt=\"\" class=\"wp-image-20\" srcset=\"https:\/\/www.joelmariteau.fr\/carnet\/wp-content\/uploads\/2022\/12\/image-5-1024x652.png 1024w, https:\/\/www.joelmariteau.fr\/carnet\/wp-content\/uploads\/2022\/12\/image-5-300x191.png 300w, https:\/\/www.joelmariteau.fr\/carnet\/wp-content\/uploads\/2022\/12\/image-5-768x489.png 768w, https:\/\/www.joelmariteau.fr\/carnet\/wp-content\/uploads\/2022\/12\/image-5.png 1280w\" sizes=\"auto, (max-width: 1024px) 100vw, 1024px\" \/><figcaption class=\"wp-element-caption\"><em>A l&rsquo;\u00e9chelle d\u00e9partementale les deux \u00e9tablissements dont l&rsquo;<abbr class='c2c-text-hover' title='Indice de Position Sociale'>IPS<\/abbr> est le plus \u00e9lev\u00e9 sont priv\u00e9s : le coll\u00e8ge Saint-Charles \u00e0 Saint-Brieuc (131,3) et le coll\u00e8ge Diwan \u00e0 Pl\u00e9sidy (125,2).<\/em><\/figcaption><\/figure>\n\n\n\n<p>Cela peut para\u00eetre paradoxal, les coll\u00e8ges dont l&rsquo;<abbr class='c2c-text-hover' title='Indice de Position Sociale'>IPS<\/abbr> est le plus faible sont des coll\u00e8ges priv\u00e9s, qui ont la particularit\u00e9 d&rsquo;\u00eatre implant\u00e9s dans des territoires ruraux de l&rsquo;int\u00e9rieur, marqu\u00e9s par une d\u00e9prise d\u00e9mographique et \u00e9conomique, qui ont souvent des effectifs modestes.<\/p>\n\n\n\n<p>Ces effectifs sont li\u00e9s \u00e0 la d\u00e9mographie rurale en d\u00e9clin. Ainsi Plouguenast-Langast, Pl\u00e9met et Gouarec pr\u00e9sentent des effectifs modestes (respectivement 164, 105 et 43 \u00e9l\u00e8ves) et des <abbr class='c2c-text-hover' title='Indice de Position Sociale'>IPS<\/abbr> tout aussi modestes (83,2\/76,8\/86,6).<\/p>\n\n\n\n<figure class=\"wp-block-image size-large\"><img loading=\"lazy\" decoding=\"async\" width=\"1024\" height=\"655\" src=\"https:\/\/www.joelmariteau.fr\/carnet\/wp-content\/uploads\/2022\/12\/image-6-1024x655.png\" alt=\"\" class=\"wp-image-21\" srcset=\"https:\/\/www.joelmariteau.fr\/carnet\/wp-content\/uploads\/2022\/12\/image-6-1024x655.png 1024w, https:\/\/www.joelmariteau.fr\/carnet\/wp-content\/uploads\/2022\/12\/image-6-300x192.png 300w, https:\/\/www.joelmariteau.fr\/carnet\/wp-content\/uploads\/2022\/12\/image-6-768x491.png 768w, https:\/\/www.joelmariteau.fr\/carnet\/wp-content\/uploads\/2022\/12\/image-6.png 1280w\" sizes=\"auto, (max-width: 1024px) 100vw, 1024px\" \/><figcaption class=\"wp-element-caption\"><em>Plouguenast-Langast, Pl\u00e9met et Gouarec pr\u00e9sentent des effectifs et des <abbr class='c2c-text-hover' title='Indice de Position Sociale'>IPS<\/abbr> modestes.<\/em><\/figcaption><\/figure>\n\n\n\n<h4 class=\"wp-block-heading\">Alors qu&rsquo;en retenir ?<\/h4>\n\n\n\n<p>Deux remarques apr\u00e8s ces observations sommaires. <\/p>\n\n\n\n<p>1\/ Il convient d&rsquo;une part d&rsquo;adopter la bonne focale pour analyser ces donn\u00e9es et mesurer les diff\u00e9rentes probl\u00e9matiques du territoire costarmoricain, notamment la question sociale et la question d\u00e9mographique qui sont corr\u00e9l\u00e9es.<\/p>\n\n\n\n<figure class=\"wp-block-gallery has-nested-images columns-default is-cropped wp-block-gallery-1 is-layout-flex wp-block-gallery-is-layout-flex\">\n<figure class=\"wp-block-image size-large\"><img loading=\"lazy\" decoding=\"async\" width=\"918\" height=\"749\" data-id=\"24\" src=\"https:\/\/www.joelmariteau.fr\/carnet\/wp-content\/uploads\/2022\/12\/C2.jpg\" alt=\"\" class=\"wp-image-24\" srcset=\"https:\/\/www.joelmariteau.fr\/carnet\/wp-content\/uploads\/2022\/12\/C2.jpg 918w, https:\/\/www.joelmariteau.fr\/carnet\/wp-content\/uploads\/2022\/12\/C2-300x245.jpg 300w, https:\/\/www.joelmariteau.fr\/carnet\/wp-content\/uploads\/2022\/12\/C2-768x627.jpg 768w\" sizes=\"auto, (max-width: 918px) 100vw, 918px\" \/><\/figure>\n\n\n\n<figure class=\"wp-block-image size-large\"><img loading=\"lazy\" decoding=\"async\" width=\"922\" height=\"754\" data-id=\"25\" src=\"https:\/\/www.joelmariteau.fr\/carnet\/wp-content\/uploads\/2022\/12\/C1.jpg\" alt=\"\" class=\"wp-image-25\" srcset=\"https:\/\/www.joelmariteau.fr\/carnet\/wp-content\/uploads\/2022\/12\/C1.jpg 922w, https:\/\/www.joelmariteau.fr\/carnet\/wp-content\/uploads\/2022\/12\/C1-300x245.jpg 300w, https:\/\/www.joelmariteau.fr\/carnet\/wp-content\/uploads\/2022\/12\/C1-768x628.jpg 768w\" sizes=\"auto, (max-width: 922px) 100vw, 922px\" \/><\/figure>\n\n\n\n<figure class=\"wp-block-image size-large\"><img loading=\"lazy\" decoding=\"async\" width=\"922\" height=\"767\" data-id=\"26\" src=\"https:\/\/www.joelmariteau.fr\/carnet\/wp-content\/uploads\/2022\/12\/C3.jpg\" alt=\"\" class=\"wp-image-26\" srcset=\"https:\/\/www.joelmariteau.fr\/carnet\/wp-content\/uploads\/2022\/12\/C3.jpg 922w, https:\/\/www.joelmariteau.fr\/carnet\/wp-content\/uploads\/2022\/12\/C3-300x250.jpg 300w, https:\/\/www.joelmariteau.fr\/carnet\/wp-content\/uploads\/2022\/12\/C3-768x639.jpg 768w\" sizes=\"auto, (max-width: 922px) 100vw, 922px\" \/><\/figure>\n\n\n\n<figure class=\"wp-block-image size-large\"><img loading=\"lazy\" decoding=\"async\" width=\"920\" height=\"642\" data-id=\"23\" src=\"https:\/\/www.joelmariteau.fr\/carnet\/wp-content\/uploads\/2022\/12\/C4.jpg\" alt=\"\" class=\"wp-image-23\" srcset=\"https:\/\/www.joelmariteau.fr\/carnet\/wp-content\/uploads\/2022\/12\/C4.jpg 920w, https:\/\/www.joelmariteau.fr\/carnet\/wp-content\/uploads\/2022\/12\/C4-300x209.jpg 300w, https:\/\/www.joelmariteau.fr\/carnet\/wp-content\/uploads\/2022\/12\/C4-768x536.jpg 768w\" sizes=\"auto, (max-width: 920px) 100vw, 920px\" \/><\/figure>\n<\/figure>\n\n\n\n<p>2\/ A l&rsquo;\u00e9chelle des agglom\u00e9rations, c&rsquo;est la question vive de la mixit\u00e9 scolaire (et sociale) et des moyens d&rsquo;y tendre) qui est pos\u00e9e avec le plus d&rsquo;acuit\u00e9. <br>Et, en filigrane, la question des moyens allou\u00e9s aux \u00e9tablissements publics, victimes d&rsquo;une concurrence vive du r\u00e9seau priv\u00e9.<\/p>\n\n\n\n<figure class=\"wp-block-image\"><img decoding=\"async\" src=\"https:\/\/pbs.twimg.com\/media\/FkhL6bzXgAEKqCH?format=jpg&amp;name=large\" alt=\"Image\"\/><figcaption class=\"wp-element-caption\"><em>Concurrence entre les r\u00e9seaux, l&rsquo;exemple de Dinan.<\/em><\/figcaption><\/figure>\n\n\n\n<p>C&rsquo;est une question \u00e9minemment politique, de justice sociale pour assurer \u00e0 tous les \u00e9l\u00e8ves les m\u00eames chances de r\u00e9ussite. Mais c&rsquo;est aussi une question syndicale : l&rsquo;am\u00e9lioration du service public d&rsquo;\u00e9ducation pour pouvoir r\u00e9pondre aux besoins de toute les populations passe par l&rsquo;am\u00e9lioration des conditions d&rsquo;exercice de tous les personnels, relativement aux difficult\u00e9s rencontr\u00e9es sur les territoires.<\/p>\n\n\n\n<hr class=\"wp-block-separator has-alpha-channel-opacity\"\/>\n\n\n\n<p class=\"has-highlight-background-color has-background\"><strong>La carte du d\u00e9partement r\u00e9alis\u00e9e par mes soins peut \u00eatre t\u00e9l\u00e9charg\u00e9e ici :<br><\/strong><a href=\"https:\/\/joelmariteau.fr\/docs\/ips-dpt-22.pdf\">https:\/\/joelmariteau.fr\/docs\/ips-dpt-22.pdf<\/a><br>Les cartes et graphiques sont publi\u00e9s sous licence\u00a0<a href=\"https:\/\/creativecommons.org\/licenses\/by-nc-sa\/4.0\/deed.fr\">Creative Commons 4.0 \u2013 CC-BY-NC-SA.<\/a><\/p>\n","protected":false},"excerpt":{"rendered":"<p>La cartographie des indices de position sociale des coll\u00e8ges du d\u00e9partement 22 r\u00e9v\u00e8lent peu de surprises \u00e0 l&rsquo;\u00e9chelle d\u00e9partementale mais<\/p>\n","protected":false},"author":1,"featured_media":17,"comment_status":"open","ping_status":"open","sticky":false,"template":"","format":"standard","meta":{"footnotes":""},"categories":[7,12,6],"tags":[10,14,13,9,8,11],"class_list":["post-16","post","type-post","status-publish","format-standard","has-post-thumbnail","hentry","category-cartographie","category-education","category-geographie","tag-cartographie","tag-geographie","tag-geographie-sociale","tag-indice-de-position-sociale","tag-ips","tag-snes-bretagne"],"_links":{"self":[{"href":"https:\/\/www.joelmariteau.fr\/carnet\/wp-json\/wp\/v2\/posts\/16","targetHints":{"allow":["GET"]}}],"collection":[{"href":"https:\/\/www.joelmariteau.fr\/carnet\/wp-json\/wp\/v2\/posts"}],"about":[{"href":"https:\/\/www.joelmariteau.fr\/carnet\/wp-json\/wp\/v2\/types\/post"}],"author":[{"embeddable":true,"href":"https:\/\/www.joelmariteau.fr\/carnet\/wp-json\/wp\/v2\/users\/1"}],"replies":[{"embeddable":true,"href":"https:\/\/www.joelmariteau.fr\/carnet\/wp-json\/wp\/v2\/comments?post=16"}],"version-history":[{"count":12,"href":"https:\/\/www.joelmariteau.fr\/carnet\/wp-json\/wp\/v2\/posts\/16\/revisions"}],"predecessor-version":[{"id":178,"href":"https:\/\/www.joelmariteau.fr\/carnet\/wp-json\/wp\/v2\/posts\/16\/revisions\/178"}],"wp:featuredmedia":[{"embeddable":true,"href":"https:\/\/www.joelmariteau.fr\/carnet\/wp-json\/wp\/v2\/media\/17"}],"wp:attachment":[{"href":"https:\/\/www.joelmariteau.fr\/carnet\/wp-json\/wp\/v2\/media?parent=16"}],"wp:term":[{"taxonomy":"category","embeddable":true,"href":"https:\/\/www.joelmariteau.fr\/carnet\/wp-json\/wp\/v2\/categories?post=16"},{"taxonomy":"post_tag","embeddable":true,"href":"https:\/\/www.joelmariteau.fr\/carnet\/wp-json\/wp\/v2\/tags?post=16"}],"curies":[{"name":"wp","href":"https:\/\/api.w.org\/{rel}","templated":true}]}}