{"id":199,"date":"2023-02-25T15:46:58","date_gmt":"2023-02-25T14:46:58","guid":{"rendered":"https:\/\/www.joelmariteau.fr\/carnet\/?p=199"},"modified":"2023-12-26T11:49:17","modified_gmt":"2023-12-26T10:49:17","slug":"les-residences-secondaires-en-france","status":"publish","type":"post","link":"https:\/\/www.joelmariteau.fr\/carnet\/2023\/02\/les-residences-secondaires-en-france\/","title":{"rendered":"Les r\u00e9sidences secondaires en France"},"content":{"rendered":"\n<p>Carte de la part des r\u00e9sidences secondaires dans le parc de logements par ECPI (Etablissements publics de Coop\u00e9ration intercommunale) en 2021.<\/p>\n\n\n\n<figure class=\"wp-block-image size-large\"><img loading=\"lazy\" decoding=\"async\" width=\"1024\" height=\"724\" src=\"https:\/\/www.joelmariteau.fr\/carnet\/wp-content\/uploads\/2023\/02\/SORTIE-1024x724.png\" alt=\"\" class=\"wp-image-200\" srcset=\"https:\/\/www.joelmariteau.fr\/carnet\/wp-content\/uploads\/2023\/02\/SORTIE-1024x724.png 1024w, https:\/\/www.joelmariteau.fr\/carnet\/wp-content\/uploads\/2023\/02\/SORTIE-300x212.png 300w, https:\/\/www.joelmariteau.fr\/carnet\/wp-content\/uploads\/2023\/02\/SORTIE-768x543.png 768w, https:\/\/www.joelmariteau.fr\/carnet\/wp-content\/uploads\/2023\/02\/SORTIE-1536x1087.png 1536w, https:\/\/www.joelmariteau.fr\/carnet\/wp-content\/uploads\/2023\/02\/SORTIE.png 1753w\" sizes=\"auto, (max-width: 1024px) 100vw, 1024px\" \/><figcaption class=\"wp-element-caption\"><em>Carte de la part des r\u00e9sidences secondaires dans le parc de logements par ECPI en 2021.<\/em><\/figcaption><\/figure>\n\n\n\n<p>D&rsquo;apr\u00e8s les donn\u00e9es de l&rsquo;INSEE (2021) &#8211; <a href=\"https:\/\/www.insee.fr\/fr\/statistiques\/5416748\" data-type=\"URL\" data-id=\"https:\/\/www.insee.fr\/fr\/statistiques\/5416748\">https:\/\/www.insee.fr\/fr\/statistiques\/5416748<\/a><\/p>\n\n\n\n<p class=\"has-highlight-background-color has-background\">Carte r\u00e9alis\u00e9e par Jo\u00ebl Mariteau sous QGis &#8211; publi\u00e9e sous licence Creative Commons 4.0 &#8211; CC-BY-NC-SA.<\/p>\n","protected":false},"excerpt":{"rendered":"<p>Carte de la part des r\u00e9sidences secondaires dans le parc de logements par ECPI (Etablissements publics de Coop\u00e9ration intercommunale) en<\/p>\n","protected":false},"author":1,"featured_media":200,"comment_status":"open","ping_status":"open","sticky":false,"template":"","format":"standard","meta":{"footnotes":""},"categories":[18,7],"tags":[23],"class_list":["post-199","post","type-post","status-publish","format-standard","has-post-thumbnail","hentry","category-carte","category-cartographie","tag-residences-secondaires"],"_links":{"self":[{"href":"https:\/\/www.joelmariteau.fr\/carnet\/wp-json\/wp\/v2\/posts\/199","targetHints":{"allow":["GET"]}}],"collection":[{"href":"https:\/\/www.joelmariteau.fr\/carnet\/wp-json\/wp\/v2\/posts"}],"about":[{"href":"https:\/\/www.joelmariteau.fr\/carnet\/wp-json\/wp\/v2\/types\/post"}],"author":[{"embeddable":true,"href":"https:\/\/www.joelmariteau.fr\/carnet\/wp-json\/wp\/v2\/users\/1"}],"replies":[{"embeddable":true,"href":"https:\/\/www.joelmariteau.fr\/carnet\/wp-json\/wp\/v2\/comments?post=199"}],"version-history":[{"count":3,"href":"https:\/\/www.joelmariteau.fr\/carnet\/wp-json\/wp\/v2\/posts\/199\/revisions"}],"predecessor-version":[{"id":203,"href":"https:\/\/www.joelmariteau.fr\/carnet\/wp-json\/wp\/v2\/posts\/199\/revisions\/203"}],"wp:featuredmedia":[{"embeddable":true,"href":"https:\/\/www.joelmariteau.fr\/carnet\/wp-json\/wp\/v2\/media\/200"}],"wp:attachment":[{"href":"https:\/\/www.joelmariteau.fr\/carnet\/wp-json\/wp\/v2\/media?parent=199"}],"wp:term":[{"taxonomy":"category","embeddable":true,"href":"https:\/\/www.joelmariteau.fr\/carnet\/wp-json\/wp\/v2\/categories?post=199"},{"taxonomy":"post_tag","embeddable":true,"href":"https:\/\/www.joelmariteau.fr\/carnet\/wp-json\/wp\/v2\/tags?post=199"}],"curies":[{"name":"wp","href":"https:\/\/api.w.org\/{rel}","templated":true}]}}