{"id":210,"date":"2023-04-02T23:39:14","date_gmt":"2023-04-02T21:39:14","guid":{"rendered":"https:\/\/www.joelmariteau.fr\/carnet\/?p=210"},"modified":"2023-12-26T11:48:43","modified_gmt":"2023-12-26T10:48:43","slug":"typologie-des-lycees-publics-en-france","status":"publish","type":"post","link":"https:\/\/www.joelmariteau.fr\/carnet\/2023\/04\/typologie-des-lycees-publics-en-france\/","title":{"rendered":"Carte \u2022 Typologie des lyc\u00e9es publics en France"},"content":{"rendered":"\n<p class=\"has-light-gray-background-color has-background\"><strong>Tentative de typologie des lyc\u00e9es publics en France (<abbr class='c2c-text-hover' title='Lyc\u00e9e g\u00e9n\u00e9ral et technologique'>LGT<\/abbr> et partir GT des <abbr class='c2c-text-hover' title='Lyc\u00e9e polyvalent'>LPO<\/abbr>) \u00e0 partir de l&rsquo;<abbr class='c2c-text-hover' title='Indice de Position Sociale'>IPS<\/abbr> moyen des \u00e9tablissements et de son \u00e9cart type, caract\u00e9risant la dispersion des <abbr class='c2c-text-hover' title='Indice de Position Sociale'>IPS<\/abbr> de chaque \u00e9tablissement, indicatif de la plus ou moins grande homog\u00e9n\u00e9it\u00e9 sociale des \u00e9l\u00e8ves.<\/strong><\/p>\n\n\n\n<p>Ce recoupement permet d&rsquo;\u00e9tablir une sorte de typologie des \u00e9tablissements qu&rsquo;il conviendra d&rsquo;affiner. L&rsquo;\u00e9chelle de la carte ne permet \u00e9videmment pas une analyse fine des \u00e9tablissements et des diff\u00e9rents territoires, mais elle permet de d\u00e9gager une premi\u00e8re lecture des diff\u00e9rences territoriales.<\/p>\n\n\n\n<figure class=\"wp-block-image size-large is-resized\"><img loading=\"lazy\" decoding=\"async\" src=\"https:\/\/www.joelmariteau.fr\/carnet\/wp-content\/uploads\/2023\/04\/CARTE-IPS_ET-V2-1024x724.png\" alt=\"\" class=\"wp-image-212\" width=\"880\" height=\"622\" srcset=\"https:\/\/www.joelmariteau.fr\/carnet\/wp-content\/uploads\/2023\/04\/CARTE-IPS_ET-V2-1024x724.png 1024w, https:\/\/www.joelmariteau.fr\/carnet\/wp-content\/uploads\/2023\/04\/CARTE-IPS_ET-V2-300x212.png 300w, https:\/\/www.joelmariteau.fr\/carnet\/wp-content\/uploads\/2023\/04\/CARTE-IPS_ET-V2-768x543.png 768w, https:\/\/www.joelmariteau.fr\/carnet\/wp-content\/uploads\/2023\/04\/CARTE-IPS_ET-V2-1536x1086.png 1536w, https:\/\/www.joelmariteau.fr\/carnet\/wp-content\/uploads\/2023\/04\/CARTE-IPS_ET-V2.png 2022w\" sizes=\"auto, (max-width: 880px) 100vw, 880px\" \/><figcaption class=\"wp-element-caption\"><em>Typologie des lyc\u00e9es publics en France &#8211; J.M.<\/em><\/figcaption><\/figure>\n\n\n\n<p>On ajoutera plus tard les \u00e9tablissements priv\u00e9s, puis les lyc\u00e9es professionnels.<\/p>\n\n\n\n<p class=\"has-black-color has-highlight-background-color has-text-color has-background\">Carte publi\u00e9e sous licence <a href=\"https:\/\/creativecommons.org\/licenses\/by-nc-sa\/4.0\/deed.fr\">Creative Commons 4.0 &#8211; CC-BY-NC-SA.<\/a><\/p>\n","protected":false},"excerpt":{"rendered":"<p>Tentative de typologie des lyc\u00e9es publics en France (<abbr class='c2c-text-hover' title='Lyc\u00e9e g\u00e9n\u00e9ral et technologique'>LGT<\/abbr> et partir GT des <abbr class='c2c-text-hover' title='Lyc\u00e9e polyvalent'>LPO<\/abbr>) \u00e0 partir de l&rsquo;<abbr class='c2c-text-hover' title='Indice de Position Sociale'>IPS<\/abbr> moyen des<\/p>\n","protected":false},"author":1,"featured_media":212,"comment_status":"open","ping_status":"open","sticky":false,"template":"","format":"standard","meta":{"footnotes":""},"categories":[18,7,12,6],"tags":[20,10,14,9,8,16,11],"class_list":["post-210","post","type-post","status-publish","format-standard","has-post-thumbnail","hentry","category-carte","category-cartographie","category-education","category-geographie","tag-carte","tag-cartographie","tag-geographie","tag-indice-de-position-sociale","tag-ips","tag-qgis","tag-snes-bretagne"],"_links":{"self":[{"href":"https:\/\/www.joelmariteau.fr\/carnet\/wp-json\/wp\/v2\/posts\/210","targetHints":{"allow":["GET"]}}],"collection":[{"href":"https:\/\/www.joelmariteau.fr\/carnet\/wp-json\/wp\/v2\/posts"}],"about":[{"href":"https:\/\/www.joelmariteau.fr\/carnet\/wp-json\/wp\/v2\/types\/post"}],"author":[{"embeddable":true,"href":"https:\/\/www.joelmariteau.fr\/carnet\/wp-json\/wp\/v2\/users\/1"}],"replies":[{"embeddable":true,"href":"https:\/\/www.joelmariteau.fr\/carnet\/wp-json\/wp\/v2\/comments?post=210"}],"version-history":[{"count":3,"href":"https:\/\/www.joelmariteau.fr\/carnet\/wp-json\/wp\/v2\/posts\/210\/revisions"}],"predecessor-version":[{"id":214,"href":"https:\/\/www.joelmariteau.fr\/carnet\/wp-json\/wp\/v2\/posts\/210\/revisions\/214"}],"wp:featuredmedia":[{"embeddable":true,"href":"https:\/\/www.joelmariteau.fr\/carnet\/wp-json\/wp\/v2\/media\/212"}],"wp:attachment":[{"href":"https:\/\/www.joelmariteau.fr\/carnet\/wp-json\/wp\/v2\/media?parent=210"}],"wp:term":[{"taxonomy":"category","embeddable":true,"href":"https:\/\/www.joelmariteau.fr\/carnet\/wp-json\/wp\/v2\/categories?post=210"},{"taxonomy":"post_tag","embeddable":true,"href":"https:\/\/www.joelmariteau.fr\/carnet\/wp-json\/wp\/v2\/tags?post=210"}],"curies":[{"name":"wp","href":"https:\/\/api.w.org\/{rel}","templated":true}]}}