{"id":30,"date":"2022-12-23T20:06:36","date_gmt":"2022-12-23T19:06:36","guid":{"rendered":"https:\/\/www.joelmariteau.fr\/carnet\/?p=30"},"modified":"2023-12-26T11:57:14","modified_gmt":"2023-12-26T10:57:14","slug":"indice-de-position-sociale-des-colleges-du-morbihan","status":"publish","type":"post","link":"https:\/\/www.joelmariteau.fr\/carnet\/2022\/12\/indice-de-position-sociale-des-colleges-du-morbihan\/","title":{"rendered":"Indice de position sociale des coll\u00e8ges du Morbihan"},"content":{"rendered":"\n<p class=\"has-light-gray-background-color has-background\"><strong>La r\u00e9alisation de cartes de l&rsquo;<abbr class='c2c-text-hover' title='Indice de Position Sociale'>IPS<\/abbr> des coll\u00e8ges du Morbihan \u00e0 l&rsquo;aide de Qgis permet de tirer quelques enseignements sur les in\u00e9galit\u00e9s territoriales. Si leur analyse ne r\u00e9v\u00e8le pas de surprises globale, elle confirme les observations r\u00e9alis\u00e9es par les enseignant\u00b7es sur le terrain !<\/strong><\/p>\n\n\n\n<figure class=\"wp-block-image size-large\"><img loading=\"lazy\" decoding=\"async\" width=\"1024\" height=\"724\" src=\"https:\/\/www.joelmariteau.fr\/carnet\/wp-content\/uploads\/2023\/01\/image-1024x724.png\" alt=\"\" class=\"wp-image-168\" srcset=\"https:\/\/www.joelmariteau.fr\/carnet\/wp-content\/uploads\/2023\/01\/image-1024x724.png 1024w, https:\/\/www.joelmariteau.fr\/carnet\/wp-content\/uploads\/2023\/01\/image-300x212.png 300w, https:\/\/www.joelmariteau.fr\/carnet\/wp-content\/uploads\/2023\/01\/image-768x543.png 768w, https:\/\/www.joelmariteau.fr\/carnet\/wp-content\/uploads\/2023\/01\/image-1536x1085.png 1536w, https:\/\/www.joelmariteau.fr\/carnet\/wp-content\/uploads\/2023\/01\/image-2048x1447.png 2048w\" sizes=\"auto, (max-width: 1024px) 100vw, 1024px\" \/><figcaption class=\"wp-element-caption\"><em>L&rsquo;<abbr class='c2c-text-hover' title='Indice de Position Sociale'>IPS<\/abbr> des coll\u00e8ges du Morbihan pr\u00e9sente un gradient Sud\/Nord correspondant \u00e0 l&rsquo;opposition c\u00f4te\/int\u00e9rieur. <\/em><br><em>Dans les agglom\u00e9rations, les situations peuvent \u00eatre tr\u00e8s contrast\u00e9es.<\/em><\/figcaption><\/figure>\n\n\n\n<p>A la lecture de la carte des <abbr class='c2c-text-hover' title='Indice de Position Sociale'>IPS<\/abbr> dans le d\u00e9partement 56, on peut \u00e9mettre trois observations.<\/p>\n\n\n\n<p>1\/ Les <abbr class='c2c-text-hover' title='Indice de Position Sociale'>IPS<\/abbr> sont assez contrast\u00e9s (de 67,3 \u00e0 131,2) et t\u00e9moignent de forts \u00e9carts socio-\u00e9conomiques des population selon les territoires ; <\/p>\n\n\n\n<p>2\/ Le d\u00e9partement pr\u00e9sente une (courte) majorit\u00e9 de coll\u00e8ges priv\u00e9s (avec des <abbr class='c2c-text-hover' title='Indice de Position Sociale'>IPS<\/abbr> g\u00e9n\u00e9ralement un peu plus \u00e9lev\u00e9s que dans le secteur public) ; des territoires dot\u00e9s d&rsquo;un coll\u00e8ge priv\u00e9 sont  tr\u00e8s \u00e9loign\u00e9s d&rsquo;un coll\u00e8ge public (c&rsquo;est particuli\u00e8rement net \u00e0 l&rsquo;est) ;<\/p>\n\n\n\n<p>3\/ Le d\u00e9partement pr\u00e9sent un gradient Sud\/Nord tr\u00e8s marqu\u00e9, qui correspond au niveau de vie des habitants des communes. <\/p>\n\n\n\n<p>Les \u00e9carts sont sensibles dans le d\u00e9partement : entre 67,3 et 131,2. On peut noter que le coll\u00e8ge dont l&rsquo;ISP est le plus faible (67,3) est le coll\u00e8ge Le Coutaller \u00e0 Lorient qui a ferm\u00e9 ses portes en juin dernier. On y revient plus loin. L&rsquo;\u00e9tablissement dont l&rsquo;<abbr class='c2c-text-hover' title='Indice de Position Sociale'>IPS<\/abbr> est le plus \u00e9lev\u00e9 est le coll\u00e8ge priv\u00e9 Saint-Fran\u00e7ois-Xavier \u00e0 Vannes (131,2).<\/p>\n\n\n\n<figure class=\"wp-block-image is-resized\"><img loading=\"lazy\" decoding=\"async\" src=\"https:\/\/pbs.twimg.com\/media\/Fkp5UEvXkAAH9FF?format=png&amp;name=900x900\" alt=\"Image\" width=\"873\" height=\"412\"\/><figcaption class=\"wp-element-caption\"><em>Des \u00e9carts sensibles.<\/em><\/figcaption><\/figure>\n\n\n\n<p>Un petit focus sur Vannes permet de constater que les ISP y sont parmi les plus \u00e9lev\u00e9s du d\u00e9partement. Les deux plus \u00e9lev\u00e9s s&rsquo;y trouvent : le coll\u00e8ge Saint-Fran\u00e7ois-Xavier et le coll\u00e8ge Diwan. A l&rsquo;\u00e9chelle communale, les trois \u00e9tablissements \u00e0 l&rsquo;ISP le plus \u00e9lev\u00e9 sont des coll\u00e8ges priv\u00e9s.<\/p>\n\n\n\n<figure class=\"wp-block-image size-large\"><img loading=\"lazy\" decoding=\"async\" width=\"1024\" height=\"837\" src=\"https:\/\/www.joelmariteau.fr\/carnet\/wp-content\/uploads\/2023\/01\/image-1-1024x837.png\" alt=\"\" class=\"wp-image-170\" srcset=\"https:\/\/www.joelmariteau.fr\/carnet\/wp-content\/uploads\/2023\/01\/image-1-1024x837.png 1024w, https:\/\/www.joelmariteau.fr\/carnet\/wp-content\/uploads\/2023\/01\/image-1-300x245.png 300w, https:\/\/www.joelmariteau.fr\/carnet\/wp-content\/uploads\/2023\/01\/image-1-768x628.png 768w, https:\/\/www.joelmariteau.fr\/carnet\/wp-content\/uploads\/2023\/01\/image-1-1536x1255.png 1536w, https:\/\/www.joelmariteau.fr\/carnet\/wp-content\/uploads\/2023\/01\/image-1-2048x1673.png 2048w\" sizes=\"auto, (max-width: 1024px) 100vw, 1024px\" \/><figcaption class=\"wp-element-caption\"><em>Le r\u00e9seau priv\u00e9 attire les \u00e9l\u00e8ves les plus favoris\u00e9s, ce qui complique la mise en \u0153uvre de la mixit\u00e9 scolaire sur ce territoire o\u00f9 le service public est plac\u00e9 dans une position plus difficile.<\/em><\/figcaption><\/figure>\n\n\n\n<p>Un autre focus sur le secteur de Lorient permet de mesurer que les \u00e9carts y sont sensibles. Une \u00e9volution importante y est cependant en cours : le coll\u00e8ge Le Coutaller dont l&rsquo;ISP \u00e9tait le plus bas a ferm\u00e9, ainsi que le coll\u00e8ge de Kerentrech, au profit du nouveau coll\u00e8ge Tr\u00e9faven, ouvert \u00e0 la rentr\u00e9e 2022 mais dont l&rsquo;<abbr class='c2c-text-hover' title='Indice de Position Sociale'>IPS<\/abbr> moyen (issu de la nouvelle carte scolaire) n&rsquo;est pas encore connu.<\/p>\n\n\n\n<figure class=\"wp-block-image size-large\"><img loading=\"lazy\" decoding=\"async\" width=\"1024\" height=\"724\" src=\"https:\/\/www.joelmariteau.fr\/carnet\/wp-content\/uploads\/2023\/01\/image-2-1024x724.png\" alt=\"\" class=\"wp-image-171\" srcset=\"https:\/\/www.joelmariteau.fr\/carnet\/wp-content\/uploads\/2023\/01\/image-2-1024x724.png 1024w, https:\/\/www.joelmariteau.fr\/carnet\/wp-content\/uploads\/2023\/01\/image-2-300x212.png 300w, https:\/\/www.joelmariteau.fr\/carnet\/wp-content\/uploads\/2023\/01\/image-2-768x543.png 768w, https:\/\/www.joelmariteau.fr\/carnet\/wp-content\/uploads\/2023\/01\/image-2-1536x1085.png 1536w, https:\/\/www.joelmariteau.fr\/carnet\/wp-content\/uploads\/2023\/01\/image-2-2048x1447.png 2048w\" sizes=\"auto, (max-width: 1024px) 100vw, 1024px\" \/><figcaption class=\"wp-element-caption\"><em>La situation de Lorient conna\u00eet une \u00e9volution \u00e0 la rentr\u00e9e 2022 avec l&rsquo;ouverture du coll\u00e8ge Tr\u00e9faven et la fermeture des coll\u00e8ges Kerentrech et Le Coutaller.<\/em><\/figcaption><\/figure>\n\n\n\n<p>Deux remarques conclusives :<\/p>\n\n\n\n<p>1\/ C&rsquo;est dans les grandes agglom\u00e9rations que les \u00e9carts sont les plus marqu\u00e9s. Cela doit interroger la carte scolaire et son contournement par le r\u00e9seau priv\u00e9, qui joue \u00e0 plein pour attirer les populations \u00e0 fort <abbr class='c2c-text-hover' title='Indice de Position Sociale'>IPS<\/abbr>.<\/p>\n\n\n\n<p>2\/ Les \u00e9tablissements \u00e0 faibles <abbr class='c2c-text-hover' title='Indice de Position Sociale'>IPS<\/abbr> devraient b\u00e9n\u00e9ficier de moyens compl\u00e9mentaires, adapt\u00e9s selon le profil du territoire d&rsquo;implantation (rural \u00e9loign\u00e9, rural pauvre, urbain pauvre). Des dotations en <abbr class='c2c-text-hover' title='Dotation Globale Horaire'>DGH<\/abbr> (effectifs all\u00e9g\u00e9s) d&rsquo;une part pour permettre des all\u00e8gements et un meilleur accompagnement des \u00e9l\u00e8ves (tenant compte du p\u00e9riscolaire). Et un renforcement des \u00e9quipes pluriprofessionnelles pour am\u00e9liorer la suivi des publics les plus fragiles : assistants sociaux, infirmiers, assistants d&rsquo;\u00e9ducation, renforcement de l&rsquo;ouverture culturelle&#8230;).<\/p>\n\n\n\n<figure class=\"wp-block-image\"><img decoding=\"async\" src=\"https:\/\/pbs.twimg.com\/media\/FkqGUwiWAAE-MwG?format=png&amp;name=medium\" alt=\"Image\"\/><figcaption class=\"wp-element-caption\"><em>Corr\u00e9lation entre les <abbr class='c2c-text-hover' title='Indice de Position Sociale'>IPS<\/abbr> et la taille des effectifs des coll\u00e8ges.<\/em><\/figcaption><\/figure>\n\n\n\n<hr class=\"wp-block-separator has-alpha-channel-opacity\"\/>\n\n\n\n<p class=\"has-highlight-background-color has-background\">Les cartes de l&rsquo;<abbr class='c2c-text-hover' title='Indice de Position Sociale'>IPS<\/abbr> des coll\u00e8ges du Morbihan ont \u00e9t\u00e9 r\u00e9alis\u00e9es par mes soins et peuvent \u00eatre t\u00e9l\u00e9charg\u00e9es ici : <a href=\"https:\/\/joelmariteau.fr\/docs\/ips-dpt-56.pdf\">https:\/\/joelmariteau.fr\/docs\/ips-dpt-56.pdf<\/a><br>Elles sont publi\u00e9es sous licence <a href=\"https:\/\/creativecommons.org\/licenses\/by-nc-sa\/4.0\/deed.fr\">Creative Commons 4.0 &#8211; CC-BY-NC-SA.<\/a><\/p>\n\n\n\n<hr class=\"wp-block-separator has-alpha-channel-opacity\"\/>\n\n\n\n<p class=\"has-light-green-cyan-background-color has-background\"><em><strong>Pour aller plus loin : <\/strong><\/em><\/p>\n\n\n\n<p><a href=\"https:\/\/www.snes.edu\/article\/ips-des-colleges-prives-le-separatisme-des-riches-detruit-la-mixite-sociale-dans-les-colleges-publics\/\"><abbr class='c2c-text-hover' title='Indice de Position Sociale'>IPS<\/abbr> : les coll\u00e8ges priv\u00e9s d\u00e9truisent la mixit\u00e9 sociale dans les coll\u00e8ges publics. &#8211; SNES-FSU<\/a><\/p>\n\n\n\n<p><a href=\"https:\/\/www.lemonde.fr\/les-decodeurs\/article\/2022\/11\/08\/l-ips-cet-outil-qui-revele-l-ampleur-de-l-entre-soi-dans-les-colleges-prives_6148909_4355770.html\">Entre \u00e9cole publique et \u00e9cole priv\u00e9e, les chiffres de la fracture sociale (lemonde.fr)<\/a><\/p>\n","protected":false},"excerpt":{"rendered":"<p>La r\u00e9alisation de cartes de l&rsquo;<abbr class='c2c-text-hover' title='Indice de Position Sociale'>IPS<\/abbr> des coll\u00e8ges du Morbihan \u00e0 l&rsquo;aide de Qgis permet de tirer quelques enseignements sur<\/p>\n","protected":false},"author":1,"featured_media":168,"comment_status":"open","ping_status":"open","sticky":false,"template":"","format":"standard","meta":{"footnotes":""},"categories":[7,12,6],"tags":[10,14,13,9,8,16,11],"class_list":["post-30","post","type-post","status-publish","format-standard","has-post-thumbnail","hentry","category-cartographie","category-education","category-geographie","tag-cartographie","tag-geographie","tag-geographie-sociale","tag-indice-de-position-sociale","tag-ips","tag-qgis","tag-snes-bretagne"],"_links":{"self":[{"href":"https:\/\/www.joelmariteau.fr\/carnet\/wp-json\/wp\/v2\/posts\/30","targetHints":{"allow":["GET"]}}],"collection":[{"href":"https:\/\/www.joelmariteau.fr\/carnet\/wp-json\/wp\/v2\/posts"}],"about":[{"href":"https:\/\/www.joelmariteau.fr\/carnet\/wp-json\/wp\/v2\/types\/post"}],"author":[{"embeddable":true,"href":"https:\/\/www.joelmariteau.fr\/carnet\/wp-json\/wp\/v2\/users\/1"}],"replies":[{"embeddable":true,"href":"https:\/\/www.joelmariteau.fr\/carnet\/wp-json\/wp\/v2\/comments?post=30"}],"version-history":[{"count":7,"href":"https:\/\/www.joelmariteau.fr\/carnet\/wp-json\/wp\/v2\/posts\/30\/revisions"}],"predecessor-version":[{"id":172,"href":"https:\/\/www.joelmariteau.fr\/carnet\/wp-json\/wp\/v2\/posts\/30\/revisions\/172"}],"wp:featuredmedia":[{"embeddable":true,"href":"https:\/\/www.joelmariteau.fr\/carnet\/wp-json\/wp\/v2\/media\/168"}],"wp:attachment":[{"href":"https:\/\/www.joelmariteau.fr\/carnet\/wp-json\/wp\/v2\/media?parent=30"}],"wp:term":[{"taxonomy":"category","embeddable":true,"href":"https:\/\/www.joelmariteau.fr\/carnet\/wp-json\/wp\/v2\/categories?post=30"},{"taxonomy":"post_tag","embeddable":true,"href":"https:\/\/www.joelmariteau.fr\/carnet\/wp-json\/wp\/v2\/tags?post=30"}],"curies":[{"name":"wp","href":"https:\/\/api.w.org\/{rel}","templated":true}]}}