{"id":498,"date":"2024-01-07T22:18:08","date_gmt":"2024-01-07T21:18:08","guid":{"rendered":"https:\/\/www.joelmariteau.fr\/carnet\/?p=498"},"modified":"2024-05-02T13:26:42","modified_gmt":"2024-05-02T11:26:42","slug":"exploration-cartographique-de-la-vendee","status":"publish","type":"post","link":"https:\/\/www.joelmariteau.fr\/carnet\/2024\/01\/exploration-cartographique-de-la-vendee\/","title":{"rendered":"Exploration cartographique de la Vend\u00e9e"},"content":{"rendered":"\n<p>Quelques cartes pour appr\u00e9hender le territoire vend\u00e9en.<\/p>\n\n\n\n<h2 class=\"wp-block-heading\">La r\u00e9partition de la population<\/h2>\n\n\n\n<p>Deux cartes repr\u00e9sentant la distribution de la population sur le territoire. <\/p>\n\n\n\n<p>La premi\u00e8re par points : chaque point repr\u00e9sente 100 habitants, permet de saisir l&rsquo;in\u00e9gale distribution de la population.<\/p>\n\n\n\n<figure class=\"wp-block-image size-large\"><img loading=\"lazy\" decoding=\"async\" width=\"1024\" height=\"724\" src=\"https:\/\/www.joelmariteau.fr\/carnet\/wp-content\/uploads\/2024\/01\/DENSITE-DOTMAP-85-1024x724.png\" alt=\"\" class=\"wp-image-499\" srcset=\"https:\/\/www.joelmariteau.fr\/carnet\/wp-content\/uploads\/2024\/01\/DENSITE-DOTMAP-85-1024x724.png 1024w, https:\/\/www.joelmariteau.fr\/carnet\/wp-content\/uploads\/2024\/01\/DENSITE-DOTMAP-85-300x212.png 300w, https:\/\/www.joelmariteau.fr\/carnet\/wp-content\/uploads\/2024\/01\/DENSITE-DOTMAP-85-768x543.png 768w, https:\/\/www.joelmariteau.fr\/carnet\/wp-content\/uploads\/2024\/01\/DENSITE-DOTMAP-85-1536x1086.png 1536w, https:\/\/www.joelmariteau.fr\/carnet\/wp-content\/uploads\/2024\/01\/DENSITE-DOTMAP-85-2048x1448.png 2048w\" sizes=\"auto, (max-width: 1024px) 100vw, 1024px\" \/><\/figure>\n\n\n\n<p><strong>La carte r\u00e9v\u00e8le quelques points saillants :<\/strong><\/p>\n\n\n\n<ul class=\"wp-block-list\">\n<li>elle r\u00e9v\u00e8le les concentrations urbaines qui polarisent plus du tiers de la population d\u00e9partementale (699 459 habitants en 2021) : La Roche-Sur-Yon, Les Sables-d&rsquo;Olonne et Talmont-Saint-Hilaire, Saint-Gilles Croix de Vie et Saint-Jean-de-Mont, Challans et Aizenay, Fontenay-Le-Comte, Lu\u00e7on, Essarts en Bocage, et dans une moindre mesure Les Herbiers et Montaigu.<\/li>\n<\/ul>\n\n\n\n<figure class=\"wp-block-image size-large\"><img loading=\"lazy\" decoding=\"async\" width=\"1024\" height=\"656\" src=\"https:\/\/www.joelmariteau.fr\/carnet\/wp-content\/uploads\/2024\/01\/image-2-1024x656.png\" alt=\"\" class=\"wp-image-500\" srcset=\"https:\/\/www.joelmariteau.fr\/carnet\/wp-content\/uploads\/2024\/01\/image-2-1024x656.png 1024w, https:\/\/www.joelmariteau.fr\/carnet\/wp-content\/uploads\/2024\/01\/image-2-300x192.png 300w, https:\/\/www.joelmariteau.fr\/carnet\/wp-content\/uploads\/2024\/01\/image-2-768x492.png 768w, https:\/\/www.joelmariteau.fr\/carnet\/wp-content\/uploads\/2024\/01\/image-2.png 1162w\" sizes=\"auto, (max-width: 1024px) 100vw, 1024px\" \/><\/figure>\n\n\n\n<ul class=\"wp-block-list\">\n<li>Elle fait appara\u00eetre un contraste Nord\/Sud important (NO\/SE pour \u00eatre pr\u00e9cis). <\/li>\n<\/ul>\n\n\n\n<figure class=\"wp-block-image size-large\"><img loading=\"lazy\" decoding=\"async\" width=\"1024\" height=\"724\" src=\"https:\/\/www.joelmariteau.fr\/carnet\/wp-content\/uploads\/2024\/01\/DENSITE-CHOROP-85-1024x724.png\" alt=\"\" class=\"wp-image-501\" srcset=\"https:\/\/www.joelmariteau.fr\/carnet\/wp-content\/uploads\/2024\/01\/DENSITE-CHOROP-85-1024x724.png 1024w, https:\/\/www.joelmariteau.fr\/carnet\/wp-content\/uploads\/2024\/01\/DENSITE-CHOROP-85-300x212.png 300w, https:\/\/www.joelmariteau.fr\/carnet\/wp-content\/uploads\/2024\/01\/DENSITE-CHOROP-85-768x543.png 768w, https:\/\/www.joelmariteau.fr\/carnet\/wp-content\/uploads\/2024\/01\/DENSITE-CHOROP-85-1536x1086.png 1536w, https:\/\/www.joelmariteau.fr\/carnet\/wp-content\/uploads\/2024\/01\/DENSITE-CHOROP-85-2048x1448.png 2048w\" sizes=\"auto, (max-width: 1024px) 100vw, 1024px\" \/><\/figure>\n\n\n\n<p>Une carte des densit\u00e9s communale confirme cette opposition qui tient pour l&rsquo;essentiel \u00e0 la distribution des activit\u00e9s \u00e9conomiques et au tissus industriel. Le Nord, proche de Nantes, est plus industriel et l&rsquo;artisanat y est davantage d\u00e9velopp\u00e9, les villes et leurs aires d&rsquo;influence disposent d&rsquo;un tissus \u00e9conomique plus diversifi\u00e9 et des services plus fournis. Les activit\u00e9s touristiques dominent sur la c\u00f4te Atlantique. En revanche, les densit\u00e9s sont moindres dans la partie Sud-Est o\u00f9 l&rsquo;activit\u00e9 \u00e9conomie est davantage domin\u00e9e par l&rsquo;agroalimentaire et le tourisme (plus diffus), des territoires qui tendent \u00e0 perdre des habitants quand le Nord tend \u00e0 en gagner.<\/p>\n\n\n\n<h2 class=\"wp-block-heading\">L&rsquo;\u00e9volution de la population<\/h2>\n\n\n\n<p>Si \u00e0 l&rsquo;\u00e9chelle du d\u00e9partement, l&rsquo;\u00e9volution est positive (le d\u00e9partement gagne des habitants par un solde naturel et migratoire positifs), une analyse des \u00e9volutions communales montre de fortes disparit\u00e9s entre les territoires. Les p\u00f4les urbains et leur aire d&rsquo;influence sont plut\u00f4t dynamiques tandis que les communes rurales et particuli\u00e8rement celles qui sont \u00e9loign\u00e9es d&rsquo;un p\u00f4le urbain significatif qui perdent des habitants. <\/p>\n\n\n\n<figure class=\"wp-block-image size-large\"><img loading=\"lazy\" decoding=\"async\" width=\"1024\" height=\"724\" src=\"https:\/\/www.joelmariteau.fr\/carnet\/wp-content\/uploads\/2024\/01\/POP-COM-et-EVOL-15-21-1024x724.png\" alt=\"\" class=\"wp-image-502\" srcset=\"https:\/\/www.joelmariteau.fr\/carnet\/wp-content\/uploads\/2024\/01\/POP-COM-et-EVOL-15-21-1024x724.png 1024w, https:\/\/www.joelmariteau.fr\/carnet\/wp-content\/uploads\/2024\/01\/POP-COM-et-EVOL-15-21-300x212.png 300w, https:\/\/www.joelmariteau.fr\/carnet\/wp-content\/uploads\/2024\/01\/POP-COM-et-EVOL-15-21-768x543.png 768w, https:\/\/www.joelmariteau.fr\/carnet\/wp-content\/uploads\/2024\/01\/POP-COM-et-EVOL-15-21-1536x1086.png 1536w, https:\/\/www.joelmariteau.fr\/carnet\/wp-content\/uploads\/2024\/01\/POP-COM-et-EVOL-15-21-2048x1448.png 2048w\" sizes=\"auto, (max-width: 1024px) 100vw, 1024px\" \/><\/figure>\n\n\n\n<p>On retrouve le m\u00eame gradient Nord-Ouest &#8211; Sud-Est. Le quadrilat\u00e8re Les Sables-d&rsquo;Olonne, Challans, Chantonnay (englobant La Roche-Sur-Yon) et Les Herbiers conna\u00eet la croissance d\u00e9mographique, quand le reste du territoire (le Sud-Est et l&rsquo;Est du d\u00e9partement auxquels il convient d&rsquo;ajouter une poche \u00e0 l&rsquo;extr\u00eame Nord-Est) perd des habitants en raison de la structure de l&rsquo;\u00e9conomie locale, plus rurale et agricole et surtout en raison de l&rsquo;\u00e9loignement des centres urbains.<\/p>\n\n\n\n<p>Une carte par anamorphose permet de combiner les deux informations : poids d\u00e9mographique et \u00e9volution de la population (2015-2021).<\/p>\n\n\n\n<figure class=\"wp-block-image size-large\"><img loading=\"lazy\" decoding=\"async\" width=\"1024\" height=\"724\" src=\"https:\/\/www.joelmariteau.fr\/carnet\/wp-content\/uploads\/2024\/01\/POPCARTOG85-1024x724.png\" alt=\"\" class=\"wp-image-503\" srcset=\"https:\/\/www.joelmariteau.fr\/carnet\/wp-content\/uploads\/2024\/01\/POPCARTOG85-1024x724.png 1024w, https:\/\/www.joelmariteau.fr\/carnet\/wp-content\/uploads\/2024\/01\/POPCARTOG85-300x212.png 300w, https:\/\/www.joelmariteau.fr\/carnet\/wp-content\/uploads\/2024\/01\/POPCARTOG85-768x543.png 768w, https:\/\/www.joelmariteau.fr\/carnet\/wp-content\/uploads\/2024\/01\/POPCARTOG85-1536x1086.png 1536w, https:\/\/www.joelmariteau.fr\/carnet\/wp-content\/uploads\/2024\/01\/POPCARTOG85-2048x1448.png 2048w\" sizes=\"auto, (max-width: 1024px) 100vw, 1024px\" \/><\/figure>\n\n\n\n<p>La partie Sud-Est et l&rsquo;Est du d\u00e9partement sont marqu\u00e9es par une relative d\u00e9prise d\u00e9mographique qui atteint les p\u00f4les urbains de Fontenay-Le-Comte (c&rsquo;est ancien) et Lu\u00e7on (c&rsquo;est plus r\u00e9cent).<\/p>\n\n\n\n<p>A contrario, le Nord et les villes de la c\u00f4te gagnent des habitants : cette dynamique tient \u00e0 l&rsquo;activit\u00e9 \u00e9conomique plus diversifi\u00e9e et l&rsquo;aire d&rsquo;influence extra-d\u00e9partementale de la m\u00e9tropole nantaise.<\/p>\n\n\n\n<hr class=\"wp-block-separator has-alpha-channel-opacity\"\/>\n\n\n\n<p>Une autre repr\u00e9sentation des densit\u00e9s \u00e0 travers une grille hexagonale.<\/p>\n\n\n\n<figure class=\"wp-block-image size-large is-resized\"><img loading=\"lazy\" decoding=\"async\" width=\"1024\" height=\"724\" src=\"https:\/\/www.joelmariteau.fr\/carnet\/wp-content\/uploads\/2024\/05\/DENSITES-HEXA-VENDEE-1024x724.png\" alt=\"\" class=\"wp-image-571\" style=\"width:880px;height:auto\" srcset=\"https:\/\/www.joelmariteau.fr\/carnet\/wp-content\/uploads\/2024\/05\/DENSITES-HEXA-VENDEE-1024x724.png 1024w, https:\/\/www.joelmariteau.fr\/carnet\/wp-content\/uploads\/2024\/05\/DENSITES-HEXA-VENDEE-300x212.png 300w, https:\/\/www.joelmariteau.fr\/carnet\/wp-content\/uploads\/2024\/05\/DENSITES-HEXA-VENDEE-768x543.png 768w, https:\/\/www.joelmariteau.fr\/carnet\/wp-content\/uploads\/2024\/05\/DENSITES-HEXA-VENDEE-1536x1086.png 1536w, https:\/\/www.joelmariteau.fr\/carnet\/wp-content\/uploads\/2024\/05\/DENSITES-HEXA-VENDEE-2048x1448.png 2048w\" sizes=\"auto, (max-width: 1024px) 100vw, 1024px\" \/><figcaption class=\"wp-element-caption\"><em>Carte des densit\u00e9s de population de la Vend\u00e9e dans un maillage hexagonal (donn\u00e9es de 2022) ; publi\u00e9e sous <a href=\"https:\/\/creativecommons.org\/licenses\/by-nc-sa\/4.0\/\">licence CC BY-NC-SA 4.0<\/a><\/em><\/figcaption><\/figure>\n\n\n\n<hr class=\"wp-block-separator has-alpha-channel-opacity\"\/>\n\n\n\n<p class=\"has-small-font-size\"><em>(\u00e0 suivre&#8230;)<\/em><\/p>\n\n\n\n<p><\/p>\n","protected":false},"excerpt":{"rendered":"<p>Quelques cartes pour appr\u00e9hender le territoire vend\u00e9en. La r\u00e9partition de la population Deux cartes repr\u00e9sentant la distribution de la population<\/p>\n","protected":false},"author":1,"featured_media":503,"comment_status":"open","ping_status":"open","sticky":false,"template":"","format":"standard","meta":{"footnotes":""},"categories":[18,6],"tags":[21,24,45],"class_list":["post-498","post","type-post","status-publish","format-standard","has-post-thumbnail","hentry","category-carte","category-geographie","tag-demographie","tag-densite","tag-vendee"],"_links":{"self":[{"href":"https:\/\/www.joelmariteau.fr\/carnet\/wp-json\/wp\/v2\/posts\/498","targetHints":{"allow":["GET"]}}],"collection":[{"href":"https:\/\/www.joelmariteau.fr\/carnet\/wp-json\/wp\/v2\/posts"}],"about":[{"href":"https:\/\/www.joelmariteau.fr\/carnet\/wp-json\/wp\/v2\/types\/post"}],"author":[{"embeddable":true,"href":"https:\/\/www.joelmariteau.fr\/carnet\/wp-json\/wp\/v2\/users\/1"}],"replies":[{"embeddable":true,"href":"https:\/\/www.joelmariteau.fr\/carnet\/wp-json\/wp\/v2\/comments?post=498"}],"version-history":[{"count":7,"href":"https:\/\/www.joelmariteau.fr\/carnet\/wp-json\/wp\/v2\/posts\/498\/revisions"}],"predecessor-version":[{"id":574,"href":"https:\/\/www.joelmariteau.fr\/carnet\/wp-json\/wp\/v2\/posts\/498\/revisions\/574"}],"wp:featuredmedia":[{"embeddable":true,"href":"https:\/\/www.joelmariteau.fr\/carnet\/wp-json\/wp\/v2\/media\/503"}],"wp:attachment":[{"href":"https:\/\/www.joelmariteau.fr\/carnet\/wp-json\/wp\/v2\/media?parent=498"}],"wp:term":[{"taxonomy":"category","embeddable":true,"href":"https:\/\/www.joelmariteau.fr\/carnet\/wp-json\/wp\/v2\/categories?post=498"},{"taxonomy":"post_tag","embeddable":true,"href":"https:\/\/www.joelmariteau.fr\/carnet\/wp-json\/wp\/v2\/tags?post=498"}],"curies":[{"name":"wp","href":"https:\/\/api.w.org\/{rel}","templated":true}]}}