{"id":57,"date":"2022-12-25T17:44:56","date_gmt":"2022-12-25T16:44:56","guid":{"rendered":"https:\/\/www.joelmariteau.fr\/carnet\/?p=57"},"modified":"2023-12-26T11:55:39","modified_gmt":"2023-12-26T10:55:39","slug":"indice-de-position-sociale-des-colleges-du-finistere","status":"publish","type":"post","link":"https:\/\/www.joelmariteau.fr\/carnet\/2022\/12\/indice-de-position-sociale-des-colleges-du-finistere\/","title":{"rendered":"Indice de position sociale des coll\u00e8ges du Finist\u00e8re"},"content":{"rendered":"\n<p class=\"has-light-gray-background-color has-background\"><strong>A l&rsquo;\u00e9chelle du d\u00e9partement, la carte des <abbr class='c2c-text-hover' title='Indice de Position Sociale'>IPS<\/abbr> des coll\u00e8ges finist\u00e9riens r\u00e9v\u00e8le la g\u00e9ographie socio-\u00e9conomique du territoire. A l&rsquo;\u00e9chelle plus fine des territoires et des agglom\u00e9rations, les \u00e9carts sensibles r\u00e9v\u00e8lent des strat\u00e9gies d&rsquo;\u00e9vitement du r\u00e9seau public au profit du r\u00e9seau priv\u00e9. Ce qui pose la question des attributions de moyens.<\/strong><\/p>\n\n\n\n<figure class=\"wp-block-image size-large\"><img loading=\"lazy\" decoding=\"async\" width=\"1024\" height=\"727\" src=\"https:\/\/www.joelmariteau.fr\/carnet\/wp-content\/uploads\/2022\/12\/image-9-1024x727.png\" alt=\"\" class=\"wp-image-59\" srcset=\"https:\/\/www.joelmariteau.fr\/carnet\/wp-content\/uploads\/2022\/12\/image-9-1024x727.png 1024w, https:\/\/www.joelmariteau.fr\/carnet\/wp-content\/uploads\/2022\/12\/image-9-300x213.png 300w, https:\/\/www.joelmariteau.fr\/carnet\/wp-content\/uploads\/2022\/12\/image-9-768x545.png 768w, https:\/\/www.joelmariteau.fr\/carnet\/wp-content\/uploads\/2022\/12\/image-9.png 1326w\" sizes=\"auto, (max-width: 1024px) 100vw, 1024px\" \/><\/figure>\n\n\n\n<p>Les \u00e9carts sont sensibles entre les diff\u00e9rents \u00e9tablissements finist\u00e9riens. <\/p>\n\n\n\n<figure class=\"wp-block-image size-full is-resized\"><img loading=\"lazy\" decoding=\"async\" src=\"https:\/\/www.joelmariteau.fr\/carnet\/wp-content\/uploads\/2022\/12\/image-14.png\" alt=\"\" class=\"wp-image-66\" width=\"878\" height=\"365\" srcset=\"https:\/\/www.joelmariteau.fr\/carnet\/wp-content\/uploads\/2022\/12\/image-14.png 786w, https:\/\/www.joelmariteau.fr\/carnet\/wp-content\/uploads\/2022\/12\/image-14-300x125.png 300w, https:\/\/www.joelmariteau.fr\/carnet\/wp-content\/uploads\/2022\/12\/image-14-768x320.png 768w\" sizes=\"auto, (max-width: 878px) 100vw, 878px\" \/><figcaption class=\"wp-element-caption\"><em>Quelques indicateurs globaux sur la distribution<\/em><\/figcaption><\/figure>\n\n\n\n<p>La principale cl\u00e9 de lecture des variations de l&rsquo;indicateur de positionnement social des \u00e9tablissements tient \u00e0 la situation d\u00e9mographique et sociale des territoires. La typologie de la DEPP qui permet de classer les communes nous donne ici une premi\u00e8re typologie de situation. Il convient de la combiner \u00e0 l&rsquo;\u00e9loignement des territoires des espaces m\u00e9tropolitains.<\/p>\n\n\n\n<figure class=\"wp-block-image size-large\"><img loading=\"lazy\" decoding=\"async\" width=\"1024\" height=\"629\" src=\"https:\/\/www.joelmariteau.fr\/carnet\/wp-content\/uploads\/2022\/12\/image-10-1024x629.png\" alt=\"\" class=\"wp-image-60\" srcset=\"https:\/\/www.joelmariteau.fr\/carnet\/wp-content\/uploads\/2022\/12\/image-10-1024x629.png 1024w, https:\/\/www.joelmariteau.fr\/carnet\/wp-content\/uploads\/2022\/12\/image-10-300x184.png 300w, https:\/\/www.joelmariteau.fr\/carnet\/wp-content\/uploads\/2022\/12\/image-10-768x472.png 768w, https:\/\/www.joelmariteau.fr\/carnet\/wp-content\/uploads\/2022\/12\/image-10.png 1500w\" sizes=\"auto, (max-width: 1024px) 100vw, 1024px\" \/><figcaption class=\"wp-element-caption\">Typologie des communes rurales et urbaines pour d\u00e9crire le syst\u00e8me \u00e9ducatif (DEPP 2022) &#8211; <a href=\"https:\/\/france-decouverte.geoclip.fr\/#bbox=-645848,6293388,407841,295312&amp;c=indicator&amp;i=typo_depp.typo_depp&amp;t=A01&amp;view=map53\" target=\"_blank\" rel=\"noreferrer noopener\">\u00a9 Geoclip<\/a><\/figcaption><\/figure>\n\n\n\n<figure class=\"wp-block-image size-large\"><img loading=\"lazy\" decoding=\"async\" width=\"1024\" height=\"625\" src=\"https:\/\/www.joelmariteau.fr\/carnet\/wp-content\/uploads\/2022\/12\/image-11-1024x625.png\" alt=\"\" class=\"wp-image-61\" srcset=\"https:\/\/www.joelmariteau.fr\/carnet\/wp-content\/uploads\/2022\/12\/image-11-1024x625.png 1024w, https:\/\/www.joelmariteau.fr\/carnet\/wp-content\/uploads\/2022\/12\/image-11-300x183.png 300w, https:\/\/www.joelmariteau.fr\/carnet\/wp-content\/uploads\/2022\/12\/image-11-768x469.png 768w, https:\/\/www.joelmariteau.fr\/carnet\/wp-content\/uploads\/2022\/12\/image-11.png 1511w\" sizes=\"auto, (max-width: 1024px) 100vw, 1024px\" \/><figcaption class=\"wp-element-caption\"><em>Typologie d\u00e9taill\u00e9e des aires d&rsquo;attraction des villes en fonction des populations. <a href=\"https:\/\/france-decouverte.geoclip.fr\/#bbox=-613764,6294536,392053,283881&amp;c=indicator&amp;i=typo_aav.tr_det_aav&amp;s=2017&amp;t=A01&amp;view=map41\" target=\"_blank\" rel=\"noreferrer noopener\">\u00a9 Geoclip<\/a><\/em><\/figcaption><\/figure>\n\n\n\n<p>Le niveau de revenu moyen des habitants des territoires fournit une id\u00e9e de la richesse moyenne des territoires et des difficult\u00e9s \u00e9conomiques que leurs populations peuvent rencontrer.<\/p>\n\n\n\n<figure class=\"wp-block-image size-large\"><img loading=\"lazy\" decoding=\"async\" width=\"1024\" height=\"626\" src=\"https:\/\/www.joelmariteau.fr\/carnet\/wp-content\/uploads\/2022\/12\/image-12-1024x626.png\" alt=\"\" class=\"wp-image-62\" srcset=\"https:\/\/www.joelmariteau.fr\/carnet\/wp-content\/uploads\/2022\/12\/image-12-1024x626.png 1024w, https:\/\/www.joelmariteau.fr\/carnet\/wp-content\/uploads\/2022\/12\/image-12-300x184.png 300w, https:\/\/www.joelmariteau.fr\/carnet\/wp-content\/uploads\/2022\/12\/image-12-768x470.png 768w, https:\/\/www.joelmariteau.fr\/carnet\/wp-content\/uploads\/2022\/12\/image-12.png 1507w\" sizes=\"auto, (max-width: 1024px) 100vw, 1024px\" \/><figcaption class=\"wp-element-caption\"><em>Revenu fiscal m\u00e9dian par unit\u00e9 de consommation (en \u20ac en 2019) &#8211; <a href=\"https:\/\/france-decouverte.geoclip.fr\/#bbox=-589331,6250608,273384,197954&amp;c=indicator&amp;i=revenus.rfucq2xx&amp;s=2019&amp;t=A01&amp;view=map53\" target=\"_blank\" rel=\"noreferrer noopener\">\u00a9 G\u00e9oclip<\/a><\/em><\/figcaption><\/figure>\n\n\n\n<p>Cette donn\u00e9e doit n\u00e9anmoins \u00eatre prise avec pr\u00e9caution, pour deux raisons. D&rsquo;une part parce qu&rsquo;il ne s&rsquo;agit que d&rsquo;une moyenne, qui ne r\u00e9v\u00e8le pas les \u00e9carts de revenus au sein du territoire, et d&rsquo;autre part parce que ce crit\u00e8re ne permet pas de mesurer le patrimoine culturel des populations.<\/p>\n\n\n\n<p>La lecture des <abbr class='c2c-text-hover' title='Indice de Position Sociale'>IPS<\/abbr> pr\u00e9sente donc sans surprise une opposition armor\/argoat, renforc\u00e9e par l&rsquo;\u00e9loignement \u00e0 l&rsquo;attraction des espaces m\u00e9tropolitains.<\/p>\n\n\n\n<figure class=\"wp-block-image size-large is-resized\"><img loading=\"lazy\" decoding=\"async\" src=\"https:\/\/www.joelmariteau.fr\/carnet\/wp-content\/uploads\/2022\/12\/image-15-1024x632.png\" alt=\"\" class=\"wp-image-68\" width=\"880\" height=\"545\"\/><figcaption class=\"wp-element-caption\"><em>Le secteur de Pont-de-Buis Les Quimerch &#8211; Ch\u00e2teauneuf du Faou<\/em><\/figcaption><\/figure>\n\n\n\n<figure class=\"wp-block-image size-large is-resized\"><img loading=\"lazy\" decoding=\"async\" src=\"https:\/\/www.joelmariteau.fr\/carnet\/wp-content\/uploads\/2022\/12\/image-20-1024x627.png\" alt=\"\" class=\"wp-image-76\" width=\"880\" height=\"538\" srcset=\"https:\/\/www.joelmariteau.fr\/carnet\/wp-content\/uploads\/2022\/12\/image-20-1024x627.png 1024w, https:\/\/www.joelmariteau.fr\/carnet\/wp-content\/uploads\/2022\/12\/image-20-300x184.png 300w, https:\/\/www.joelmariteau.fr\/carnet\/wp-content\/uploads\/2022\/12\/image-20-768x470.png 768w, https:\/\/www.joelmariteau.fr\/carnet\/wp-content\/uploads\/2022\/12\/image-20.png 1505w\" sizes=\"auto, (max-width: 880px) 100vw, 880px\" \/><figcaption class=\"wp-element-caption\"><em>Le revenu fiscal m\u00e9dian par unit\u00e9 de consommation (en \u20ac, 2019) &#8211;  <a href=\"https:\/\/france-decouverte.geoclip.fr\/#bbox=-467299,6158884,51856,37548&amp;c=indicator&amp;i=revenus.rfucq2xx&amp;s=2019&amp;t=A01&amp;view=map53\">\u00a9 G\u00e9oclip<\/a><\/em><\/figcaption><\/figure>\n\n\n\n<hr class=\"wp-block-separator has-alpha-channel-opacity\"\/>\n\n\n\n<p>C&rsquo;est \u00e0 l&rsquo;\u00e9chelle des agglom\u00e9rations que les contrastes se r\u00e9v\u00e8lent les plus forts. C&rsquo;est notamment \u00e0 Brest que l&rsquo;on trouve l&rsquo;\u00e9cart d&rsquo;<abbr class='c2c-text-hover' title='Indice de Position Sociale'>IPS<\/abbr> le plus fort avec un exemple proxysmique.<\/p>\n\n\n\n<figure class=\"wp-block-image size-large\"><img loading=\"lazy\" decoding=\"async\" width=\"1024\" height=\"636\" src=\"https:\/\/www.joelmariteau.fr\/carnet\/wp-content\/uploads\/2022\/12\/image-16-1024x636.png\" alt=\"\" class=\"wp-image-69\" srcset=\"https:\/\/www.joelmariteau.fr\/carnet\/wp-content\/uploads\/2022\/12\/image-16-1024x636.png 1024w, https:\/\/www.joelmariteau.fr\/carnet\/wp-content\/uploads\/2022\/12\/image-16-300x186.png 300w, https:\/\/www.joelmariteau.fr\/carnet\/wp-content\/uploads\/2022\/12\/image-16-768x477.png 768w, https:\/\/www.joelmariteau.fr\/carnet\/wp-content\/uploads\/2022\/12\/image-16-1536x954.png 1536w, https:\/\/www.joelmariteau.fr\/carnet\/wp-content\/uploads\/2022\/12\/image-16.png 1628w\" sizes=\"auto, (max-width: 1024px) 100vw, 1024px\" \/><figcaption class=\"wp-element-caption\"><em>Brest fournit un exemple de contraste public\/priv\u00e9 paroxysmique.<\/em><\/figcaption><\/figure>\n\n\n\n<p>Le coll\u00e8ge Kerhallet pr\u00e9sente l&rsquo;<abbr class='c2c-text-hover' title='Indice de Position Sociale'>IPS<\/abbr> le plus faible du d\u00e9partement (66,7). Il jouxte le coll\u00e8ge priv\u00e9 Saint-Anne, situ\u00e9 \u00e0 environ un kilom\u00e8tre, qui pr\u00e9sente l&rsquo;ISP le plus fort du d\u00e9partement (135,8).<\/p>\n\n\n\n<figure class=\"wp-block-image size-full is-resized\"><img loading=\"lazy\" decoding=\"async\" src=\"https:\/\/www.joelmariteau.fr\/carnet\/wp-content\/uploads\/2022\/12\/BREST.png\" alt=\"\" class=\"wp-image-93\" width=\"878\" height=\"771\" srcset=\"https:\/\/www.joelmariteau.fr\/carnet\/wp-content\/uploads\/2022\/12\/BREST.png 606w, https:\/\/www.joelmariteau.fr\/carnet\/wp-content\/uploads\/2022\/12\/BREST-300x263.png 300w\" sizes=\"auto, (max-width: 878px) 100vw, 878px\" \/><\/figure>\n\n\n\n<figure class=\"wp-block-image size-large\"><img loading=\"lazy\" decoding=\"async\" width=\"1024\" height=\"634\" src=\"https:\/\/www.joelmariteau.fr\/carnet\/wp-content\/uploads\/2022\/12\/image-17-1024x634.png\" alt=\"\" class=\"wp-image-70\" srcset=\"https:\/\/www.joelmariteau.fr\/carnet\/wp-content\/uploads\/2022\/12\/image-17-1024x634.png 1024w, https:\/\/www.joelmariteau.fr\/carnet\/wp-content\/uploads\/2022\/12\/image-17-300x186.png 300w, https:\/\/www.joelmariteau.fr\/carnet\/wp-content\/uploads\/2022\/12\/image-17-768x475.png 768w, https:\/\/www.joelmariteau.fr\/carnet\/wp-content\/uploads\/2022\/12\/image-17-1536x950.png 1536w, https:\/\/www.joelmariteau.fr\/carnet\/wp-content\/uploads\/2022\/12\/image-17.png 1626w\" sizes=\"auto, (max-width: 1024px) 100vw, 1024px\" \/><figcaption class=\"wp-element-caption\"><em>A Quimper, les \u00e9tablissements priv\u00e9s captent les publics dont les <abbr class='c2c-text-hover' title='Indice de Position Sociale'>IPS<\/abbr> sont les plus \u00e9lev\u00e9s.<\/em><\/figcaption><\/figure>\n\n\n\n<p>A Quimper, les \u00e9tablissements priv\u00e9s du r\u00e9seau catholique ont des <abbr class='c2c-text-hover' title='Indice de Position Sociale'>IPS<\/abbr> sup\u00e9rieurs, en moyenne, d&rsquo;un \u00e0 trois points au dessus de ceux du r\u00e9seau public. Toutefois, l&rsquo;\u00e9tablissement dont l&rsquo;<abbr class='c2c-text-hover' title='Indice de Position Sociale'>IPS<\/abbr> est le plus faible est le coll\u00e8ge priv\u00e9 du r\u00e9seau Diwan Jakez Riou (73,7).<\/p>\n\n\n\n<hr class=\"wp-block-separator has-alpha-channel-opacity\"\/>\n\n\n\n<figure class=\"wp-block-image size-full is-resized\"><img loading=\"lazy\" decoding=\"async\" src=\"https:\/\/www.joelmariteau.fr\/carnet\/wp-content\/uploads\/2022\/12\/image-21.png\" alt=\"\" class=\"wp-image-78\" width=\"35\" height=\"35\" srcset=\"https:\/\/www.joelmariteau.fr\/carnet\/wp-content\/uploads\/2022\/12\/image-21.png 512w, https:\/\/www.joelmariteau.fr\/carnet\/wp-content\/uploads\/2022\/12\/image-21-300x300.png 300w, https:\/\/www.joelmariteau.fr\/carnet\/wp-content\/uploads\/2022\/12\/image-21-150x150.png 150w\" sizes=\"auto, (max-width: 35px) 100vw, 35px\" \/><\/figure>\n\n\n\n<p class=\"has-highlight-background-color has-background\">La carte au format PDF peut \u00eatre t\u00e9l\u00e9charg\u00e9e ici :<br><a href=\"https:\/\/joelmariteau.fr\/docs\/ips-dpt-29.pdf\">https:\/\/joelmariteau.fr\/docs\/ips-dpt-29.pdf<\/a><br>Les cartes et graphiques sont publi\u00e9s sous licence\u00a0<a href=\"https:\/\/creativecommons.org\/licenses\/by-nc-sa\/4.0\/deed.fr\">Creative Commons 4.0 \u2013 CC-BY-NC-SA.<\/a><\/p>\n\n\n\n<p><\/p>\n","protected":false},"excerpt":{"rendered":"<p>A l&rsquo;\u00e9chelle du d\u00e9partement, la carte des <abbr class='c2c-text-hover' title='Indice de Position Sociale'>IPS<\/abbr> des coll\u00e8ges finist\u00e9riens r\u00e9v\u00e8le la g\u00e9ographie socio-\u00e9conomique du territoire. A l&rsquo;\u00e9chelle plus<\/p>\n","protected":false},"author":1,"featured_media":73,"comment_status":"open","ping_status":"open","sticky":false,"template":"","format":"standard","meta":{"footnotes":""},"categories":[7,12,6],"tags":[10,14,13,9,8,16,11],"class_list":["post-57","post","type-post","status-publish","format-standard","has-post-thumbnail","hentry","category-cartographie","category-education","category-geographie","tag-cartographie","tag-geographie","tag-geographie-sociale","tag-indice-de-position-sociale","tag-ips","tag-qgis","tag-snes-bretagne"],"_links":{"self":[{"href":"https:\/\/www.joelmariteau.fr\/carnet\/wp-json\/wp\/v2\/posts\/57","targetHints":{"allow":["GET"]}}],"collection":[{"href":"https:\/\/www.joelmariteau.fr\/carnet\/wp-json\/wp\/v2\/posts"}],"about":[{"href":"https:\/\/www.joelmariteau.fr\/carnet\/wp-json\/wp\/v2\/types\/post"}],"author":[{"embeddable":true,"href":"https:\/\/www.joelmariteau.fr\/carnet\/wp-json\/wp\/v2\/users\/1"}],"replies":[{"embeddable":true,"href":"https:\/\/www.joelmariteau.fr\/carnet\/wp-json\/wp\/v2\/comments?post=57"}],"version-history":[{"count":11,"href":"https:\/\/www.joelmariteau.fr\/carnet\/wp-json\/wp\/v2\/posts\/57\/revisions"}],"predecessor-version":[{"id":167,"href":"https:\/\/www.joelmariteau.fr\/carnet\/wp-json\/wp\/v2\/posts\/57\/revisions\/167"}],"wp:featuredmedia":[{"embeddable":true,"href":"https:\/\/www.joelmariteau.fr\/carnet\/wp-json\/wp\/v2\/media\/73"}],"wp:attachment":[{"href":"https:\/\/www.joelmariteau.fr\/carnet\/wp-json\/wp\/v2\/media?parent=57"}],"wp:term":[{"taxonomy":"category","embeddable":true,"href":"https:\/\/www.joelmariteau.fr\/carnet\/wp-json\/wp\/v2\/categories?post=57"},{"taxonomy":"post_tag","embeddable":true,"href":"https:\/\/www.joelmariteau.fr\/carnet\/wp-json\/wp\/v2\/tags?post=57"}],"curies":[{"name":"wp","href":"https:\/\/api.w.org\/{rel}","templated":true}]}}