{"id":589,"date":"2024-06-25T08:45:59","date_gmt":"2024-06-25T06:45:59","guid":{"rendered":"https:\/\/www.joelmariteau.fr\/carnet\/?p=589"},"modified":"2024-07-05T10:42:50","modified_gmt":"2024-07-05T08:42:50","slug":"ips-des-colleges-2023","status":"publish","type":"post","link":"https:\/\/www.joelmariteau.fr\/carnet\/2024\/06\/ips-des-colleges-2023\/","title":{"rendered":"IPS et \u00e9cart-type des coll\u00e8ges 2023"},"content":{"rendered":"\n<p class=\"has-light-gray-background-color has-background\">La publication des donn\u00e9es des <abbr class='c2c-text-hover' title='Indice de Position Sociale'>IPS<\/abbr><sup data-fn=\"1a099a53-c760-4840-8ee0-55aeee161a69\" class=\"fn\"><a href=\"#1a099a53-c760-4840-8ee0-55aeee161a69\" id=\"1a099a53-c760-4840-8ee0-55aeee161a69-link\">1<\/a><\/sup> des \u00e9tablissements scolaires, mis \u00e0 jour pour l&rsquo;ann\u00e9e 2023-2024 est l&rsquo;occasion d&rsquo;actualiser nos cartes, en ajoutant l&rsquo;\u00e9cart-type de la distribution de chaque \u00e9tablissement sous la forme d&rsquo;une jauge, permettant de mesurer le degr\u00e9 plus ou moins homog\u00e8ne ou h\u00e9t\u00e9rog\u00e8ne du public scolaris\u00e9 dans chaque \u00e9tablissement.<\/p>\n\n\n\n<hr class=\"wp-block-separator has-alpha-channel-opacity\"\/>\n\n\n\n<p>La lecture des cartes confirmes les analyses du SNES-FSU<sup data-fn=\"0301863c-ccb3-4185-a5a5-d32bc23d0406\" class=\"fn\"><a href=\"#0301863c-ccb3-4185-a5a5-d32bc23d0406\" id=\"0301863c-ccb3-4185-a5a5-d32bc23d0406-link\">2<\/a><\/sup> : les \u00e9tablissements priv\u00e9s pr\u00e9sentent le plus souvent des <abbr class='c2c-text-hover' title='Indice de Position Sociale'>IPS<\/abbr> plus \u00e9lev\u00e9s et un public scolaire plus homog\u00e8ne, traduisant un processus avanc\u00e9 de s\u00e9paratisme scolaire.<\/p>\n\n\n\n<hr class=\"wp-block-separator has-alpha-channel-opacity\"\/>\n\n\n\n<h2 class=\"wp-block-heading\">Bassin rennais (35)<\/h2>\n\n\n\n<figure class=\"wp-block-image size-large is-resized\"><img loading=\"lazy\" decoding=\"async\" width=\"1024\" height=\"724\" src=\"https:\/\/www.joelmariteau.fr\/carnet\/wp-content\/uploads\/2024\/06\/RENNES-2-1024x724.png\" alt=\"\" class=\"wp-image-590\" style=\"width:880px;height:auto\" srcset=\"https:\/\/www.joelmariteau.fr\/carnet\/wp-content\/uploads\/2024\/06\/RENNES-2-1024x724.png 1024w, https:\/\/www.joelmariteau.fr\/carnet\/wp-content\/uploads\/2024\/06\/RENNES-2-300x212.png 300w, https:\/\/www.joelmariteau.fr\/carnet\/wp-content\/uploads\/2024\/06\/RENNES-2-768x543.png 768w, https:\/\/www.joelmariteau.fr\/carnet\/wp-content\/uploads\/2024\/06\/RENNES-2-1536x1086.png 1536w, https:\/\/www.joelmariteau.fr\/carnet\/wp-content\/uploads\/2024\/06\/RENNES-2-2048x1448.png 2048w\" sizes=\"auto, (max-width: 1024px) 100vw, 1024px\" \/><figcaption class=\"wp-element-caption\"><em><em><em><abbr class='c2c-text-hover' title='Indice de Position Sociale'>IPS<\/abbr> et \u00e9cart-type : <em>situation des coll\u00e8ges de l&rsquo;agglom\u00e9ration de Rennes (35) pour l&rsquo;ann\u00e9e 2023-2024 &#8211; date de r\u00e9alisation : juin 2024<\/em><\/em><\/em><\/em><\/figcaption><\/figure>\n\n\n\n<hr class=\"wp-block-separator has-alpha-channel-opacity\"\/>\n\n\n\n<h2 class=\"wp-block-heading\">Paris et sa proche couronne (75)<\/h2>\n\n\n\n<figure class=\"wp-block-image size-large is-resized\"><img loading=\"lazy\" decoding=\"async\" width=\"1024\" height=\"724\" src=\"https:\/\/www.joelmariteau.fr\/carnet\/wp-content\/uploads\/2024\/06\/PARIS-v2-1024x724.png\" alt=\"\" class=\"wp-image-591\" style=\"width:880px;height:auto\" srcset=\"https:\/\/www.joelmariteau.fr\/carnet\/wp-content\/uploads\/2024\/06\/PARIS-v2-1024x724.png 1024w, https:\/\/www.joelmariteau.fr\/carnet\/wp-content\/uploads\/2024\/06\/PARIS-v2-300x212.png 300w, https:\/\/www.joelmariteau.fr\/carnet\/wp-content\/uploads\/2024\/06\/PARIS-v2-768x543.png 768w, https:\/\/www.joelmariteau.fr\/carnet\/wp-content\/uploads\/2024\/06\/PARIS-v2-1536x1086.png 1536w, https:\/\/www.joelmariteau.fr\/carnet\/wp-content\/uploads\/2024\/06\/PARIS-v2-2048x1448.png 2048w\" sizes=\"auto, (max-width: 1024px) 100vw, 1024px\" \/><figcaption class=\"wp-element-caption\"><em><em><abbr class='c2c-text-hover' title='Indice de Position Sociale'>IPS<\/abbr> et \u00e9cart-type : <em>situation des coll\u00e8ges de Paris et sa proche couronne (75) pour l&rsquo;ann\u00e9e 2023-2024 &#8211; date de r\u00e9alisation : juin 2024<\/em><\/em><\/em><\/figcaption><\/figure>\n\n\n\n<div data-wp-interactive=\"core\/file\" class=\"wp-block-file\"><object data-wp-bind--hidden=\"!state.hasPdfPreview\" hidden class=\"wp-block-file__embed\" data=\"https:\/\/www.joelmariteau.fr\/carnet\/wp-content\/uploads\/2024\/06\/PARIS.pdf\" type=\"application\/pdf\" style=\"width:100%;height:600px\" aria-label=\"Contenu embarqu\u00e9 PARIS.\"><\/object><a id=\"wp-block-file--media-f777c1c7-641b-44e1-84df-09fd0ea039ba\" href=\"https:\/\/www.joelmariteau.fr\/carnet\/wp-content\/uploads\/2024\/06\/PARIS.pdf\">PARIS<\/a><a href=\"https:\/\/www.joelmariteau.fr\/carnet\/wp-content\/uploads\/2024\/06\/PARIS.pdf\" class=\"wp-block-file__button wp-element-button\" download aria-describedby=\"wp-block-file--media-f777c1c7-641b-44e1-84df-09fd0ea039ba\">T\u00e9l\u00e9charger<\/a><\/div>\n\n\n\n<hr class=\"wp-block-separator has-alpha-channel-opacity\"\/>\n\n\n\n<h2 class=\"wp-block-heading\">Agglom\u00e9ration nantaise (44)<\/h2>\n\n\n\n<figure class=\"wp-block-image size-large is-resized\"><img loading=\"lazy\" decoding=\"async\" width=\"1024\" height=\"724\" src=\"https:\/\/www.joelmariteau.fr\/carnet\/wp-content\/uploads\/2024\/06\/NANTES2-1024x724.png\" alt=\"\" class=\"wp-image-594\" style=\"width:877px;height:auto\" srcset=\"https:\/\/www.joelmariteau.fr\/carnet\/wp-content\/uploads\/2024\/06\/NANTES2-1024x724.png 1024w, https:\/\/www.joelmariteau.fr\/carnet\/wp-content\/uploads\/2024\/06\/NANTES2-300x212.png 300w, https:\/\/www.joelmariteau.fr\/carnet\/wp-content\/uploads\/2024\/06\/NANTES2-768x543.png 768w, https:\/\/www.joelmariteau.fr\/carnet\/wp-content\/uploads\/2024\/06\/NANTES2-1536x1086.png 1536w, https:\/\/www.joelmariteau.fr\/carnet\/wp-content\/uploads\/2024\/06\/NANTES2-2048x1448.png 2048w\" sizes=\"auto, (max-width: 1024px) 100vw, 1024px\" \/><figcaption class=\"wp-element-caption\"><em><em><abbr class='c2c-text-hover' title='Indice de Position Sociale'>IPS<\/abbr> et \u00e9cart-type : <em>situation des coll\u00e8ges du bassin nantais (44) pour l&rsquo;ann\u00e9e 2023-2024 &#8211; date de r\u00e9alisation : juin 2024<\/em><\/em><\/em><\/figcaption><\/figure>\n\n\n\n<hr class=\"wp-block-separator has-alpha-channel-opacity\"\/>\n\n\n\n<h2 class=\"wp-block-heading\">Toulouse (31)<\/h2>\n\n\n\n<figure class=\"wp-block-image size-large is-resized\"><img loading=\"lazy\" decoding=\"async\" width=\"1024\" height=\"724\" src=\"https:\/\/www.joelmariteau.fr\/carnet\/wp-content\/uploads\/2024\/06\/TOULOUSE2-1-1024x724.png\" alt=\"\" class=\"wp-image-598\" style=\"width:880px;height:auto\" srcset=\"https:\/\/www.joelmariteau.fr\/carnet\/wp-content\/uploads\/2024\/06\/TOULOUSE2-1-1024x724.png 1024w, https:\/\/www.joelmariteau.fr\/carnet\/wp-content\/uploads\/2024\/06\/TOULOUSE2-1-300x212.png 300w, https:\/\/www.joelmariteau.fr\/carnet\/wp-content\/uploads\/2024\/06\/TOULOUSE2-1-768x543.png 768w, https:\/\/www.joelmariteau.fr\/carnet\/wp-content\/uploads\/2024\/06\/TOULOUSE2-1-1536x1086.png 1536w, https:\/\/www.joelmariteau.fr\/carnet\/wp-content\/uploads\/2024\/06\/TOULOUSE2-1-2048x1448.png 2048w\" sizes=\"auto, (max-width: 1024px) 100vw, 1024px\" \/><figcaption class=\"wp-element-caption\"><em><em><abbr class='c2c-text-hover' title='Indice de Position Sociale'>IPS<\/abbr> et \u00e9cart-type : <em>situation des coll\u00e8ges de l&rsquo;agglom\u00e9ration de Toulouse (31) pour l&rsquo;ann\u00e9e 2023-2024 &#8211; date de r\u00e9alisation : juin 2024<\/em><\/em><\/em><\/figcaption><\/figure>\n\n\n\n<hr class=\"wp-block-separator has-alpha-channel-opacity\"\/>\n\n\n\n<h2 class=\"wp-block-heading\">Marseille (13)<\/h2>\n\n\n\n<figure class=\"wp-block-image size-large is-resized\"><img loading=\"lazy\" decoding=\"async\" width=\"1024\" height=\"724\" src=\"https:\/\/www.joelmariteau.fr\/carnet\/wp-content\/uploads\/2024\/06\/MARSEILLE-1024x724.png\" alt=\"\" class=\"wp-image-601\" style=\"width:880px;height:auto\" srcset=\"https:\/\/www.joelmariteau.fr\/carnet\/wp-content\/uploads\/2024\/06\/MARSEILLE-1024x724.png 1024w, https:\/\/www.joelmariteau.fr\/carnet\/wp-content\/uploads\/2024\/06\/MARSEILLE-300x212.png 300w, https:\/\/www.joelmariteau.fr\/carnet\/wp-content\/uploads\/2024\/06\/MARSEILLE-768x543.png 768w, https:\/\/www.joelmariteau.fr\/carnet\/wp-content\/uploads\/2024\/06\/MARSEILLE-1536x1086.png 1536w, https:\/\/www.joelmariteau.fr\/carnet\/wp-content\/uploads\/2024\/06\/MARSEILLE-2048x1448.png 2048w\" sizes=\"auto, (max-width: 1024px) 100vw, 1024px\" \/><figcaption class=\"wp-element-caption\"><em><em><abbr class='c2c-text-hover' title='Indice de Position Sociale'>IPS<\/abbr> et \u00e9cart-type : <em>situation des coll\u00e8ges de l&rsquo;agglom\u00e9ration de Marseille (13) pour l&rsquo;ann\u00e9e 2023-2024 &#8211; date de r\u00e9alisation : juin 2024<\/em><\/em><\/em><\/figcaption><\/figure>\n\n\n\n<hr class=\"wp-block-separator has-alpha-channel-opacity\"\/>\n\n\n\n<h2 class=\"wp-block-heading\">Dijon (21)<\/h2>\n\n\n\n<figure class=\"wp-block-image size-large is-resized\"><img loading=\"lazy\" decoding=\"async\" width=\"1024\" height=\"724\" src=\"https:\/\/www.joelmariteau.fr\/carnet\/wp-content\/uploads\/2024\/06\/DIJON3-1024x724.png\" alt=\"\" class=\"wp-image-603\" style=\"width:878px;height:auto\" srcset=\"https:\/\/www.joelmariteau.fr\/carnet\/wp-content\/uploads\/2024\/06\/DIJON3-1024x724.png 1024w, https:\/\/www.joelmariteau.fr\/carnet\/wp-content\/uploads\/2024\/06\/DIJON3-300x212.png 300w, https:\/\/www.joelmariteau.fr\/carnet\/wp-content\/uploads\/2024\/06\/DIJON3-768x543.png 768w, https:\/\/www.joelmariteau.fr\/carnet\/wp-content\/uploads\/2024\/06\/DIJON3-1536x1086.png 1536w, https:\/\/www.joelmariteau.fr\/carnet\/wp-content\/uploads\/2024\/06\/DIJON3-2048x1448.png 2048w\" sizes=\"auto, (max-width: 1024px) 100vw, 1024px\" \/><figcaption class=\"wp-element-caption\"><em><em><abbr class='c2c-text-hover' title='Indice de Position Sociale'>IPS<\/abbr> et \u00e9cart-type : <em>situation des coll\u00e8ges de l&rsquo;agglom\u00e9ration de Dijon (21) pour l&rsquo;ann\u00e9e 2023-2024 &#8211; date de r\u00e9alisation : juin 2024<\/em><\/em><\/em><\/figcaption><\/figure>\n\n\n\n<hr class=\"wp-block-separator has-alpha-channel-opacity\"\/>\n\n\n\n<h2 class=\"wp-block-heading\">Clermont-Ferrand (63)<\/h2>\n\n\n\n<figure class=\"wp-block-image size-large is-resized\"><img loading=\"lazy\" decoding=\"async\" width=\"1024\" height=\"724\" src=\"https:\/\/www.joelmariteau.fr\/carnet\/wp-content\/uploads\/2024\/06\/CLERMONT-1-1024x724.png\" alt=\"\" class=\"wp-image-611\" style=\"width:880px;height:auto\" srcset=\"https:\/\/www.joelmariteau.fr\/carnet\/wp-content\/uploads\/2024\/06\/CLERMONT-1-1024x724.png 1024w, https:\/\/www.joelmariteau.fr\/carnet\/wp-content\/uploads\/2024\/06\/CLERMONT-1-300x212.png 300w, https:\/\/www.joelmariteau.fr\/carnet\/wp-content\/uploads\/2024\/06\/CLERMONT-1-768x543.png 768w, https:\/\/www.joelmariteau.fr\/carnet\/wp-content\/uploads\/2024\/06\/CLERMONT-1-1536x1086.png 1536w, https:\/\/www.joelmariteau.fr\/carnet\/wp-content\/uploads\/2024\/06\/CLERMONT-1-2048x1448.png 2048w\" sizes=\"auto, (max-width: 1024px) 100vw, 1024px\" \/><figcaption class=\"wp-element-caption\"><em><em><abbr class='c2c-text-hover' title='Indice de Position Sociale'>IPS<\/abbr> et \u00e9cart-type : <em>situation des coll\u00e8ges de l&rsquo;agglom\u00e9ration de Clermont-Ferrand (63) pour l&rsquo;ann\u00e9e 2023-2024 &#8211; date de r\u00e9alisation : juin 2024<\/em><\/em><\/em><\/figcaption><\/figure>\n\n\n\n<hr class=\"wp-block-separator has-alpha-channel-opacity\"\/>\n\n\n\n<h2 class=\"wp-block-heading\">Lyon et sa proche couronne (69)<\/h2>\n\n\n\n<figure class=\"wp-block-image size-large is-resized\"><img loading=\"lazy\" decoding=\"async\" width=\"1024\" height=\"724\" src=\"https:\/\/www.joelmariteau.fr\/carnet\/wp-content\/uploads\/2024\/06\/LYON-1024x724.png\" alt=\"\" class=\"wp-image-613\" style=\"width:880px;height:auto\" srcset=\"https:\/\/www.joelmariteau.fr\/carnet\/wp-content\/uploads\/2024\/06\/LYON-1024x724.png 1024w, https:\/\/www.joelmariteau.fr\/carnet\/wp-content\/uploads\/2024\/06\/LYON-300x212.png 300w, https:\/\/www.joelmariteau.fr\/carnet\/wp-content\/uploads\/2024\/06\/LYON-768x543.png 768w, https:\/\/www.joelmariteau.fr\/carnet\/wp-content\/uploads\/2024\/06\/LYON-1536x1086.png 1536w, https:\/\/www.joelmariteau.fr\/carnet\/wp-content\/uploads\/2024\/06\/LYON-2048x1448.png 2048w\" sizes=\"auto, (max-width: 1024px) 100vw, 1024px\" \/><figcaption class=\"wp-element-caption\"><em><em><em><abbr class='c2c-text-hover' title='Indice de Position Sociale'>IPS<\/abbr> et \u00e9cart-type : <em>situation des coll\u00e8ges de l&rsquo;agglom\u00e9ration de Lyon (69) pour l&rsquo;ann\u00e9e 2023-2024 &#8211; date de r\u00e9alisation : juin 2024<\/em><\/em><\/em><\/em><\/figcaption><\/figure>\n\n\n\n<hr class=\"wp-block-separator has-alpha-channel-opacity\"\/>\n\n\n\n<h2 class=\"wp-block-heading\">Nancy (54)<\/h2>\n\n\n\n<figure class=\"wp-block-image size-large is-resized\"><img loading=\"lazy\" decoding=\"async\" width=\"1024\" height=\"724\" src=\"https:\/\/www.joelmariteau.fr\/carnet\/wp-content\/uploads\/2024\/06\/NANCY-1024x724.png\" alt=\"\" class=\"wp-image-616\" style=\"width:880px;height:auto\" srcset=\"https:\/\/www.joelmariteau.fr\/carnet\/wp-content\/uploads\/2024\/06\/NANCY-1024x724.png 1024w, https:\/\/www.joelmariteau.fr\/carnet\/wp-content\/uploads\/2024\/06\/NANCY-300x212.png 300w, https:\/\/www.joelmariteau.fr\/carnet\/wp-content\/uploads\/2024\/06\/NANCY-768x543.png 768w, https:\/\/www.joelmariteau.fr\/carnet\/wp-content\/uploads\/2024\/06\/NANCY-1536x1086.png 1536w, https:\/\/www.joelmariteau.fr\/carnet\/wp-content\/uploads\/2024\/06\/NANCY-2048x1448.png 2048w\" sizes=\"auto, (max-width: 1024px) 100vw, 1024px\" \/><figcaption class=\"wp-element-caption\"><em><em><abbr class='c2c-text-hover' title='Indice de Position Sociale'>IPS<\/abbr> et \u00e9cart-type : <em>situation des coll\u00e8ges de l&rsquo;agglom\u00e9ration de Nancy (54) pour l&rsquo;ann\u00e9e 2023-2024 &#8211; date de r\u00e9alisation : juin 2024<\/em><\/em><\/em><\/figcaption><\/figure>\n\n\n\n<hr class=\"wp-block-separator has-alpha-channel-opacity\"\/>\n\n\n\n<h2 class=\"wp-block-heading\">Saint-Brieuc (22)<\/h2>\n\n\n\n<figure class=\"wp-block-image size-large is-resized\"><img loading=\"lazy\" decoding=\"async\" width=\"1024\" height=\"724\" src=\"https:\/\/www.joelmariteau.fr\/carnet\/wp-content\/uploads\/2024\/06\/STBRIEUC-1-1024x724.png\" alt=\"\" class=\"wp-image-627\" style=\"width:881px;height:auto\" srcset=\"https:\/\/www.joelmariteau.fr\/carnet\/wp-content\/uploads\/2024\/06\/STBRIEUC-1-1024x724.png 1024w, https:\/\/www.joelmariteau.fr\/carnet\/wp-content\/uploads\/2024\/06\/STBRIEUC-1-300x212.png 300w, https:\/\/www.joelmariteau.fr\/carnet\/wp-content\/uploads\/2024\/06\/STBRIEUC-1-768x543.png 768w, https:\/\/www.joelmariteau.fr\/carnet\/wp-content\/uploads\/2024\/06\/STBRIEUC-1-1536x1086.png 1536w, https:\/\/www.joelmariteau.fr\/carnet\/wp-content\/uploads\/2024\/06\/STBRIEUC-1-2048x1448.png 2048w\" sizes=\"auto, (max-width: 1024px) 100vw, 1024px\" \/><figcaption class=\"wp-element-caption\"><em><abbr class='c2c-text-hover' title='Indice de Position Sociale'>IPS<\/abbr> et \u00e9cart-type : <em>situation des coll\u00e8ges de l&rsquo;agglom\u00e9ration de Saint-Brieuc (22) pour l&rsquo;ann\u00e9e 2023-2024 &#8211; date de r\u00e9alisation : juin 2024<\/em><\/em><\/figcaption><\/figure>\n\n\n\n<hr class=\"wp-block-separator has-alpha-channel-opacity\"\/>\n\n\n\n<h2 class=\"wp-block-heading\">Lorient (56)<\/h2>\n\n\n\n<figure class=\"wp-block-image size-large is-resized\"><img loading=\"lazy\" decoding=\"async\" width=\"1024\" height=\"724\" src=\"https:\/\/www.joelmariteau.fr\/carnet\/wp-content\/uploads\/2024\/06\/LORIENT2B-1024x724.png\" alt=\"\" class=\"wp-image-626\" style=\"width:880px;height:auto\" srcset=\"https:\/\/www.joelmariteau.fr\/carnet\/wp-content\/uploads\/2024\/06\/LORIENT2B-1024x724.png 1024w, https:\/\/www.joelmariteau.fr\/carnet\/wp-content\/uploads\/2024\/06\/LORIENT2B-300x212.png 300w, https:\/\/www.joelmariteau.fr\/carnet\/wp-content\/uploads\/2024\/06\/LORIENT2B-768x543.png 768w, https:\/\/www.joelmariteau.fr\/carnet\/wp-content\/uploads\/2024\/06\/LORIENT2B-1536x1086.png 1536w, https:\/\/www.joelmariteau.fr\/carnet\/wp-content\/uploads\/2024\/06\/LORIENT2B-2048x1448.png 2048w\" sizes=\"auto, (max-width: 1024px) 100vw, 1024px\" \/><figcaption class=\"wp-element-caption\"><em><abbr class='c2c-text-hover' title='Indice de Position Sociale'>IPS<\/abbr> et \u00e9cart-type : <em>situation des coll\u00e8ges de l&rsquo;agglom\u00e9ration de Lorient (56) pour l&rsquo;ann\u00e9e 2023-2024 &#8211; date de r\u00e9alisation : juin 2024<\/em><\/em><\/figcaption><\/figure>\n\n\n\n<hr class=\"wp-block-separator has-alpha-channel-opacity\"\/>\n\n\n\n<h2 class=\"wp-block-heading\">Vannes-Quiberon (56)<\/h2>\n\n\n\n<figure class=\"wp-block-image size-large is-resized\"><img loading=\"lazy\" decoding=\"async\" width=\"1024\" height=\"724\" src=\"https:\/\/www.joelmariteau.fr\/carnet\/wp-content\/uploads\/2024\/07\/VANNES-1-1024x724.png\" alt=\"\" class=\"wp-image-637\" style=\"width:880px;height:auto\" srcset=\"https:\/\/www.joelmariteau.fr\/carnet\/wp-content\/uploads\/2024\/07\/VANNES-1-1024x724.png 1024w, https:\/\/www.joelmariteau.fr\/carnet\/wp-content\/uploads\/2024\/07\/VANNES-1-300x212.png 300w, https:\/\/www.joelmariteau.fr\/carnet\/wp-content\/uploads\/2024\/07\/VANNES-1-768x543.png 768w, https:\/\/www.joelmariteau.fr\/carnet\/wp-content\/uploads\/2024\/07\/VANNES-1-1536x1086.png 1536w, https:\/\/www.joelmariteau.fr\/carnet\/wp-content\/uploads\/2024\/07\/VANNES-1-2048x1448.png 2048w\" sizes=\"auto, (max-width: 1024px) 100vw, 1024px\" \/><figcaption class=\"wp-element-caption\"><em><abbr class='c2c-text-hover' title='Indice de Position Sociale'>IPS<\/abbr> et \u00e9cart-type : <em>situation des coll\u00e8ges du secteur Vannes-Quiberon (56) pour l&rsquo;ann\u00e9e 2023-2024 &#8211; date de r\u00e9alisation : juillet<\/em><\/em><em><em> 2024<\/em><\/em><\/figcaption><\/figure>\n\n\n\n<hr class=\"wp-block-separator has-alpha-channel-opacity\"\/>\n\n\n\n<h2 class=\"wp-block-heading\">Brest (29)<\/h2>\n\n\n\n<figure class=\"wp-block-image size-large is-resized\"><img loading=\"lazy\" decoding=\"async\" width=\"1024\" height=\"724\" src=\"https:\/\/www.joelmariteau.fr\/carnet\/wp-content\/uploads\/2024\/06\/BREST-1024x724.png\" alt=\"\" class=\"wp-image-629\" style=\"width:878px;height:auto\" srcset=\"https:\/\/www.joelmariteau.fr\/carnet\/wp-content\/uploads\/2024\/06\/BREST-1024x724.png 1024w, https:\/\/www.joelmariteau.fr\/carnet\/wp-content\/uploads\/2024\/06\/BREST-300x212.png 300w, https:\/\/www.joelmariteau.fr\/carnet\/wp-content\/uploads\/2024\/06\/BREST-768x543.png 768w, https:\/\/www.joelmariteau.fr\/carnet\/wp-content\/uploads\/2024\/06\/BREST-1536x1086.png 1536w, https:\/\/www.joelmariteau.fr\/carnet\/wp-content\/uploads\/2024\/06\/BREST-2048x1448.png 2048w\" sizes=\"auto, (max-width: 1024px) 100vw, 1024px\" \/><figcaption class=\"wp-element-caption\"><em><abbr class='c2c-text-hover' title='Indice de Position Sociale'>IPS<\/abbr> et \u00e9cart-type : <em>situation des coll\u00e8ges de l&rsquo;agglom\u00e9ration de Brest (29) pour l&rsquo;ann\u00e9e 2023-2024 &#8211; date de r\u00e9alisation : juin 2024<\/em><\/em><\/figcaption><\/figure>\n\n\n\n<hr class=\"wp-block-separator has-alpha-channel-opacity\"\/>\n\n\n\n<h2 class=\"wp-block-heading\">Quimper (29)<\/h2>\n\n\n\n<figure class=\"wp-block-image size-large\"><img loading=\"lazy\" decoding=\"async\" width=\"1024\" height=\"724\" src=\"https:\/\/www.joelmariteau.fr\/carnet\/wp-content\/uploads\/2024\/07\/QUIMPER-1024x724.png\" alt=\"\" class=\"wp-image-639\" srcset=\"https:\/\/www.joelmariteau.fr\/carnet\/wp-content\/uploads\/2024\/07\/QUIMPER-1024x724.png 1024w, https:\/\/www.joelmariteau.fr\/carnet\/wp-content\/uploads\/2024\/07\/QUIMPER-300x212.png 300w, https:\/\/www.joelmariteau.fr\/carnet\/wp-content\/uploads\/2024\/07\/QUIMPER-768x543.png 768w, https:\/\/www.joelmariteau.fr\/carnet\/wp-content\/uploads\/2024\/07\/QUIMPER-1536x1086.png 1536w, https:\/\/www.joelmariteau.fr\/carnet\/wp-content\/uploads\/2024\/07\/QUIMPER-2048x1448.png 2048w\" sizes=\"auto, (max-width: 1024px) 100vw, 1024px\" \/><figcaption class=\"wp-element-caption\"><em><abbr class='c2c-text-hover' title='Indice de Position Sociale'>IPS<\/abbr> et \u00e9cart-type : <em>situation des coll\u00e8ges de l&rsquo;agglom\u00e9ration de Quimper (29) pour l&rsquo;ann\u00e9e 2023-2024 &#8211; date de r\u00e9alisation : juillet 2024<\/em><\/em><\/figcaption><\/figure>\n\n\n\n<hr class=\"wp-block-separator has-alpha-channel-opacity\"\/>\n\n\n\n<p class=\"has-black-color has-highlight-background-color has-text-color has-background has-link-color wp-elements-c9054c73c336debd36cb546a0f2b17bf\"><em><strong>(\u00e0 suivre&#8230;) <\/strong>                                 D&rsquo;autres villes seront ajout\u00e9es au fur et \u00e0 mesure de la production cartographique.<\/em><\/p>\n\n\n\n<hr class=\"wp-block-separator has-alpha-channel-opacity\"\/>\n\n\n<ol class=\"wp-block-footnotes\"><li id=\"1a099a53-c760-4840-8ee0-55aeee161a69\"><em>Pour plus d&rsquo;information sur les IPS, vous pouvez consulter les liens suivants :<\/em><br><a href=\"https:\/\/www.joelmariteau.fr\/carnet\/2022\/12\/indices-de-positionnement-social-indicateur-sur-la-mixite-des-etablissements\/\">Indice de position sociale : indicateur de la position sociale des \u00e9l\u00e8ves d\u2019un \u00e9tablissement<\/a> (Interface)<br><a href=\"https:\/\/www.snes.edu\/article\/ips-en-college-et-mixite-sociale\/\">IPS en coll\u00e8ge\u00a0et mixit\u00e9 sociale<\/a> (SNES-FSU)<br><a href=\"https:\/\/rennes.snes.edu\/-mixite-scolaire-en-bretagne-.html\">La mixit\u00e9 scolaire en Bretagne (dossier du SNES Bretagne)<\/a> (SNES-FSU Bretagne)<br><a href=\"https:\/\/www.education.gouv.fr\/l-indice-de-position-sociale-ips-357755\">L&rsquo;Indice de position sociale <\/a>(MEN, DEPP)<br><a href=\"https:\/\/www.education.gouv.fr\/l-indice-de-position-sociale-ips-un-outil-statistique-pour-decrire-les-inegalites-sociales-entre-377738\">L\u2019indice de position sociale (IPS) : un outil statistique pour d\u00e9crire les in\u00e9galit\u00e9s sociales entre \u00e9tablissements<\/a> (MEN, DEPP) <a href=\"#1a099a53-c760-4840-8ee0-55aeee161a69-link\" aria-label=\"Aller \u00e0 la note de bas de page 1\">\u21a9\ufe0e<\/a><\/li><li id=\"0301863c-ccb3-4185-a5a5-d32bc23d0406\"><a href=\"https:\/\/www.snes.edu\/article\/ips-des-colleges-le-prive-toujours-plus-segregue\/\">IPS des coll\u00e8ges : le priv\u00e9 toujours plus s\u00e9gr\u00e9gu\u00e9<\/a> (SNES-FSU) <a href=\"#0301863c-ccb3-4185-a5a5-d32bc23d0406-link\" aria-label=\"Aller \u00e0 la note de bas de page 2\">\u21a9\ufe0e<\/a><\/li><\/ol>","protected":false},"excerpt":{"rendered":"<p>La publication des donn\u00e9es des <abbr class='c2c-text-hover' title='Indice de Position Sociale'>IPS<\/abbr> des \u00e9tablissements scolaires, mis \u00e0 jour pour l&rsquo;ann\u00e9e 2023-2024 est l&rsquo;occasion d&rsquo;actualiser nos cartes,<\/p>\n","protected":false},"author":1,"featured_media":590,"comment_status":"open","ping_status":"open","sticky":false,"template":"","format":"standard","meta":{"footnotes":"[{\"content\":\"<em>Pour plus d'information sur les IPS, vous pouvez consulter les liens suivants :<\/em><br><a href=\\\"https:\/\/www.joelmariteau.fr\/carnet\/2022\/12\/indices-de-positionnement-social-indicateur-sur-la-mixite-des-etablissements\/\\\">Indice de position sociale : indicateur de la position sociale des \u00e9l\u00e8ves d\u2019un \u00e9tablissement<\/a> (Interface)<br><a href=\\\"https:\/\/www.snes.edu\/article\/ips-en-college-et-mixite-sociale\/\\\">IPS en coll\u00e8ge\u00a0et mixit\u00e9 sociale<\/a> (SNES-FSU)<br><a href=\\\"https:\/\/rennes.snes.edu\/-mixite-scolaire-en-bretagne-.html\\\">La mixit\u00e9 scolaire en Bretagne (dossier du SNES Bretagne)<\/a> (SNES-FSU Bretagne)<br><a href=\\\"https:\/\/www.education.gouv.fr\/l-indice-de-position-sociale-ips-357755\\\">L'Indice de position sociale <\/a>(MEN, DEPP)<br><a href=\\\"https:\/\/www.education.gouv.fr\/l-indice-de-position-sociale-ips-un-outil-statistique-pour-decrire-les-inegalites-sociales-entre-377738\\\">L\u2019indice de position sociale (IPS) : un outil statistique pour d\u00e9crire les in\u00e9galit\u00e9s sociales entre \u00e9tablissements<\/a> (MEN, DEPP)\",\"id\":\"1a099a53-c760-4840-8ee0-55aeee161a69\"},{\"content\":\"<a href=\\\"https:\/\/www.snes.edu\/article\/ips-des-colleges-le-prive-toujours-plus-segregue\/\\\">IPS des coll\u00e8ges : le priv\u00e9 toujours plus s\u00e9gr\u00e9gu\u00e9<\/a> (SNES-FSU)\",\"id\":\"0301863c-ccb3-4185-a5a5-d32bc23d0406\"}]"},"categories":[18,7,12,6],"tags":[20,10,14,13,9,8,16,11],"class_list":["post-589","post","type-post","status-publish","format-standard","has-post-thumbnail","hentry","category-carte","category-cartographie","category-education","category-geographie","tag-carte","tag-cartographie","tag-geographie","tag-geographie-sociale","tag-indice-de-position-sociale","tag-ips","tag-qgis","tag-snes-bretagne"],"_links":{"self":[{"href":"https:\/\/www.joelmariteau.fr\/carnet\/wp-json\/wp\/v2\/posts\/589","targetHints":{"allow":["GET"]}}],"collection":[{"href":"https:\/\/www.joelmariteau.fr\/carnet\/wp-json\/wp\/v2\/posts"}],"about":[{"href":"https:\/\/www.joelmariteau.fr\/carnet\/wp-json\/wp\/v2\/types\/post"}],"author":[{"embeddable":true,"href":"https:\/\/www.joelmariteau.fr\/carnet\/wp-json\/wp\/v2\/users\/1"}],"replies":[{"embeddable":true,"href":"https:\/\/www.joelmariteau.fr\/carnet\/wp-json\/wp\/v2\/comments?post=589"}],"version-history":[{"count":22,"href":"https:\/\/www.joelmariteau.fr\/carnet\/wp-json\/wp\/v2\/posts\/589\/revisions"}],"predecessor-version":[{"id":641,"href":"https:\/\/www.joelmariteau.fr\/carnet\/wp-json\/wp\/v2\/posts\/589\/revisions\/641"}],"wp:featuredmedia":[{"embeddable":true,"href":"https:\/\/www.joelmariteau.fr\/carnet\/wp-json\/wp\/v2\/media\/590"}],"wp:attachment":[{"href":"https:\/\/www.joelmariteau.fr\/carnet\/wp-json\/wp\/v2\/media?parent=589"}],"wp:term":[{"taxonomy":"category","embeddable":true,"href":"https:\/\/www.joelmariteau.fr\/carnet\/wp-json\/wp\/v2\/categories?post=589"},{"taxonomy":"post_tag","embeddable":true,"href":"https:\/\/www.joelmariteau.fr\/carnet\/wp-json\/wp\/v2\/tags?post=589"}],"curies":[{"name":"wp","href":"https:\/\/api.w.org\/{rel}","templated":true}]}}