{"id":654,"date":"2024-12-23T00:16:57","date_gmt":"2024-12-22T23:16:57","guid":{"rendered":"https:\/\/www.joelmariteau.fr\/carnet\/?p=654"},"modified":"2024-12-23T00:16:57","modified_gmt":"2024-12-22T23:16:57","slug":"la-population-des-communes-bretonnes-en-2022","status":"publish","type":"post","link":"https:\/\/www.joelmariteau.fr\/carnet\/2024\/12\/la-population-des-communes-bretonnes-en-2022\/","title":{"rendered":"La population des communes bretonnes en 2022"},"content":{"rendered":"\n<p class=\"has-light-gray-background-color has-background\">L&rsquo;INSEE a publi\u00e9 les populations de r\u00e9f\u00e9rence de 2022<sup data-fn=\"8b17c520-9f66-41c1-8576-50bc353d57fa\" class=\"fn\"><a href=\"#8b17c520-9f66-41c1-8576-50bc353d57fa\" id=\"8b17c520-9f66-41c1-8576-50bc353d57fa-link\">1<\/a><\/sup> (populations l\u00e9gales au 1er janvier 2022). L&rsquo;occasion de r\u00e9aliser une carte des effectifs communaux et l&rsquo;\u00e9volution depuis 2016.<\/p>\n\n\n\n<figure class=\"wp-block-image size-large\"><img loading=\"lazy\" decoding=\"async\" width=\"1024\" height=\"724\" src=\"https:\/\/www.joelmariteau.fr\/carnet\/wp-content\/uploads\/2024\/12\/POPCOMBZH-2016-2022-1024x724.jpeg\" alt=\"\" class=\"wp-image-655\" srcset=\"https:\/\/www.joelmariteau.fr\/carnet\/wp-content\/uploads\/2024\/12\/POPCOMBZH-2016-2022-1024x724.jpeg 1024w, https:\/\/www.joelmariteau.fr\/carnet\/wp-content\/uploads\/2024\/12\/POPCOMBZH-2016-2022-300x212.jpeg 300w, https:\/\/www.joelmariteau.fr\/carnet\/wp-content\/uploads\/2024\/12\/POPCOMBZH-2016-2022-768x543.jpeg 768w, https:\/\/www.joelmariteau.fr\/carnet\/wp-content\/uploads\/2024\/12\/POPCOMBZH-2016-2022-1536x1086.jpeg 1536w, https:\/\/www.joelmariteau.fr\/carnet\/wp-content\/uploads\/2024\/12\/POPCOMBZH-2016-2022-2048x1448.jpeg 2048w\" sizes=\"auto, (max-width: 1024px) 100vw, 1024px\" \/><\/figure>\n\n\n\n<hr class=\"wp-block-separator has-alpha-channel-opacity\"\/>\n\n\n<ol class=\"wp-block-footnotes has-small-font-size\"><li id=\"8b17c520-9f66-41c1-8576-50bc353d57fa\"><a href=\"https:\/\/www.insee.fr\/fr\/information\/8314709\">https:\/\/www.insee.fr\/fr\/information\/8314709<\/a> <a href=\"#8b17c520-9f66-41c1-8576-50bc353d57fa-link\" aria-label=\"Aller \u00e0 la note de bas de page 1\">\u21a9\ufe0e<\/a><\/li><\/ol>","protected":false},"excerpt":{"rendered":"<p>L&rsquo;INSEE a publi\u00e9 les populations de r\u00e9f\u00e9rence de 2022 (populations l\u00e9gales au 1er janvier 2022). L&rsquo;occasion de r\u00e9aliser une carte<\/p>\n","protected":false},"author":1,"featured_media":655,"comment_status":"open","ping_status":"open","sticky":false,"template":"","format":"standard","meta":{"footnotes":"[{\"content\":\"<a href=\\\"https:\/\/www.insee.fr\/fr\/information\/8314709\\\">https:\/\/www.insee.fr\/fr\/information\/8314709<\/a>\",\"id\":\"8b17c520-9f66-41c1-8576-50bc353d57fa\"}]"},"categories":[18,7,6],"tags":[21,16],"class_list":["post-654","post","type-post","status-publish","format-standard","has-post-thumbnail","hentry","category-carte","category-cartographie","category-geographie","tag-demographie","tag-qgis"],"_links":{"self":[{"href":"https:\/\/www.joelmariteau.fr\/carnet\/wp-json\/wp\/v2\/posts\/654","targetHints":{"allow":["GET"]}}],"collection":[{"href":"https:\/\/www.joelmariteau.fr\/carnet\/wp-json\/wp\/v2\/posts"}],"about":[{"href":"https:\/\/www.joelmariteau.fr\/carnet\/wp-json\/wp\/v2\/types\/post"}],"author":[{"embeddable":true,"href":"https:\/\/www.joelmariteau.fr\/carnet\/wp-json\/wp\/v2\/users\/1"}],"replies":[{"embeddable":true,"href":"https:\/\/www.joelmariteau.fr\/carnet\/wp-json\/wp\/v2\/comments?post=654"}],"version-history":[{"count":1,"href":"https:\/\/www.joelmariteau.fr\/carnet\/wp-json\/wp\/v2\/posts\/654\/revisions"}],"predecessor-version":[{"id":656,"href":"https:\/\/www.joelmariteau.fr\/carnet\/wp-json\/wp\/v2\/posts\/654\/revisions\/656"}],"wp:featuredmedia":[{"embeddable":true,"href":"https:\/\/www.joelmariteau.fr\/carnet\/wp-json\/wp\/v2\/media\/655"}],"wp:attachment":[{"href":"https:\/\/www.joelmariteau.fr\/carnet\/wp-json\/wp\/v2\/media?parent=654"}],"wp:term":[{"taxonomy":"category","embeddable":true,"href":"https:\/\/www.joelmariteau.fr\/carnet\/wp-json\/wp\/v2\/categories?post=654"},{"taxonomy":"post_tag","embeddable":true,"href":"https:\/\/www.joelmariteau.fr\/carnet\/wp-json\/wp\/v2\/tags?post=654"}],"curies":[{"name":"wp","href":"https:\/\/api.w.org\/{rel}","templated":true}]}}