{"id":657,"date":"2024-12-25T15:43:24","date_gmt":"2024-12-25T14:43:24","guid":{"rendered":"https:\/\/www.joelmariteau.fr\/carnet\/?p=657"},"modified":"2024-12-26T18:40:35","modified_gmt":"2024-12-26T17:40:35","slug":"densites-de-population-des-communes","status":"publish","type":"post","link":"https:\/\/www.joelmariteau.fr\/carnet\/2024\/12\/densites-de-population-des-communes\/","title":{"rendered":"Densit\u00e9s de population des communes 2024"},"content":{"rendered":"\n<p class=\"has-light-gray-background-color has-background\">Avec la mise \u00e0 jour des donn\u00e9es de l&rsquo;INSEE (mai 2024)<sup data-fn=\"8e7fde2c-a5ca-4e61-b2a5-60d05b528cfb\" class=\"fn\"><a href=\"#8e7fde2c-a5ca-4e61-b2a5-60d05b528cfb\" id=\"8e7fde2c-a5ca-4e61-b2a5-60d05b528cfb-link\">1<\/a><\/sup>, il est possible d&rsquo;actualiser les cartes des densit\u00e9s de population communales et leur typologie.<\/p>\n\n\n\n<h2 class=\"wp-block-heading\">Les densit\u00e9s en 2022<\/h2>\n\n\n\n<p><em>\u00c0 l&rsquo;\u00e9chelle de la France m\u00e9tropolitaine :<\/em><\/p>\n\n\n\n<figure class=\"wp-block-image size-large\"><img loading=\"lazy\" decoding=\"async\" width=\"1024\" height=\"724\" src=\"https:\/\/www.joelmariteau.fr\/carnet\/wp-content\/uploads\/2024\/12\/DENSITESV2-1024x724.jpg\" alt=\"\" class=\"wp-image-660\" srcset=\"https:\/\/www.joelmariteau.fr\/carnet\/wp-content\/uploads\/2024\/12\/DENSITESV2-1024x724.jpg 1024w, https:\/\/www.joelmariteau.fr\/carnet\/wp-content\/uploads\/2024\/12\/DENSITESV2-300x212.jpg 300w, https:\/\/www.joelmariteau.fr\/carnet\/wp-content\/uploads\/2024\/12\/DENSITESV2-768x543.jpg 768w, https:\/\/www.joelmariteau.fr\/carnet\/wp-content\/uploads\/2024\/12\/DENSITESV2-1536x1086.jpg 1536w, https:\/\/www.joelmariteau.fr\/carnet\/wp-content\/uploads\/2024\/12\/DENSITESV2-2048x1448.jpg 2048w\" sizes=\"auto, (max-width: 1024px) 100vw, 1024px\" \/><\/figure>\n\n\n\n<p><em>Dans le grand Ouest de la France :<\/em><\/p>\n\n\n\n<figure class=\"wp-block-image size-large\"><img loading=\"lazy\" decoding=\"async\" width=\"1024\" height=\"724\" src=\"https:\/\/www.joelmariteau.fr\/carnet\/wp-content\/uploads\/2024\/12\/DENSITESV2_2-1024x724.jpg\" alt=\"\" class=\"wp-image-659\" srcset=\"https:\/\/www.joelmariteau.fr\/carnet\/wp-content\/uploads\/2024\/12\/DENSITESV2_2-1024x724.jpg 1024w, https:\/\/www.joelmariteau.fr\/carnet\/wp-content\/uploads\/2024\/12\/DENSITESV2_2-300x212.jpg 300w, https:\/\/www.joelmariteau.fr\/carnet\/wp-content\/uploads\/2024\/12\/DENSITESV2_2-768x543.jpg 768w, https:\/\/www.joelmariteau.fr\/carnet\/wp-content\/uploads\/2024\/12\/DENSITESV2_2-1536x1086.jpg 1536w, https:\/\/www.joelmariteau.fr\/carnet\/wp-content\/uploads\/2024\/12\/DENSITESV2_2-2048x1448.jpg 2048w\" sizes=\"auto, (max-width: 1024px) 100vw, 1024px\" \/><\/figure>\n\n\n\n<hr class=\"wp-block-separator has-alpha-channel-opacity\"\/>\n\n\n\n<h2 class=\"wp-block-heading\">Typologie communale des densit\u00e9s<\/h2>\n\n\n\n<p><em>Il est \u00e9galement ais\u00e9 de r\u00e9aliser une carte des typologies d\u00e9finies par l&rsquo;INSEE.<\/em><\/p>\n\n\n\n<blockquote class=\"wp-block-quote is-layout-flow wp-block-quote-is-layout-flow\">\n<p>La grille communale de densit\u00e9 permet de classer les communes en fonction du nombre d\u2019habitants et de la r\u00e9partition de ces habitants sur leur territoire. Plus la population est concentr\u00e9e et nombreuse, plus la commune est consid\u00e9r\u00e9e comme dense.<\/p>\n\n\n\n<p>L\u2019appartenance \u00e0 un niveau de la grille n\u2019est pas simplement li\u00e9e \u00e0 la densit\u00e9 moyenne de population calcul\u00e9e sur l\u2019ensemble de la commune (incluant les surfaces non habit\u00e9es comme les for\u00eats, la montagne et les champs), elle prend en compte la pr\u00e9sence au sein de la commune de zones concentrant un grand nombre d\u2019habitants sur une faible surface.<\/p>\n\n\n\n<p>Plus pr\u00e9cis\u00e9ment, la d\u00e9finition retenue par l\u2019Union europ\u00e9enne s\u2019appuie sur le d\u00e9coupage du territoire en carreaux de 1 kilom\u00e8tre de c\u00f4t\u00e9 et sur l\u2019agr\u00e9gation de carreaux de densit\u00e9 \u00e9quivalente, d\u00e9finissant des \u00ab taches \u00bb ou \u00ab clusters \u00bb. Chaque commune est ensuite affect\u00e9e dans une cat\u00e9gorie en fonction de la part de la population communale comprise dans les diff\u00e9rents types de cluster.<br>Les donn\u00e9es de population sont issues des fichiers d\u00e9mographiques sur les logements et les individus (<a href=\"https:\/\/www.insee.fr\/fr\/metadonnees\/source\/serie\/s1019\">Fideli 2018<\/a>).<\/p>\n\n\n\n<p>Dans son premier niveau, \u00e0 3 cat\u00e9gories, la grille communale permet ainsi de distinguer trois types de communes :<\/p>\n\n\n\n<ul class=\"wp-block-list\">\n<li>les communes dens\u00e9ment peupl\u00e9es ;<\/li>\n\n\n\n<li>les communes de densit\u00e9 interm\u00e9diaire ;<\/li>\n\n\n\n<li>les communes rurales.<\/li>\n<\/ul>\n\n\n\n<p>Les communes dens\u00e9ment peupl\u00e9es et les communes de densit\u00e9 interm\u00e9diaire constituent l&rsquo;espace urbain et sont appel\u00e9es \u00ab communes urbaines \u00bb.<\/p>\n\n\n\n<p>Une grille d\u00e9taill\u00e9e, \u00e0 7 niveaux, a \u00e9t\u00e9 d\u00e9finie suite \u00e0 des travaux r\u00e9cents au niveau international. Il s\u2019agit d\u2019une subdivision de la grille \u00e0 3 cat\u00e9gories ; en particulier, les d\u00e9finitions de l\u2019urbain et du rural sont inchang\u00e9es.<br>Les communes denses, ou dens\u00e9ment peupl\u00e9es, restent aussi identiques. Elles correspondent aux communes des \u00ab cities \u00bb europ\u00e9ennes, d\u00e9nomm\u00e9es \u00ab grands centres urbains \u00bb dans la grille \u00e0 7 niveaux.<\/p>\n\n\n\n<p>Au sein des communes de densit\u00e9 interm\u00e9diaire, la grille \u00e0 7 niveaux permet de diff\u00e9rencier :<\/p>\n\n\n\n<ul class=\"wp-block-list\">\n<li>les \u00ab centres urbains interm\u00e9diaires \u00bb ;<\/li>\n\n\n\n<li>les \u00ab ceintures urbaines \u00bb ;<\/li>\n\n\n\n<li>les \u00ab petites villes \u00bb.<\/li>\n<\/ul>\n\n\n\n<p>Au sein des communes rurales, la grille distingue :<\/p>\n\n\n\n<ul class=\"wp-block-list\">\n<li>les \u00ab bourgs ruraux \u00bb ;<\/li>\n\n\n\n<li>le \u00ab rural \u00e0 habitat dispers\u00e9 \u00bb ;<\/li>\n\n\n\n<li>le \u00ab rural \u00e0 habitat tr\u00e8s dispers\u00e9 \u00bb.<\/li>\n<\/ul>\n<\/blockquote>\n\n\n\n<figure class=\"wp-block-image size-large\"><img loading=\"lazy\" decoding=\"async\" width=\"1024\" height=\"724\" src=\"https:\/\/www.joelmariteau.fr\/carnet\/wp-content\/uploads\/2024\/12\/FRANCE.JPG-1024x724.png\" alt=\"\" class=\"wp-image-661\" srcset=\"https:\/\/www.joelmariteau.fr\/carnet\/wp-content\/uploads\/2024\/12\/FRANCE.JPG-1024x724.png 1024w, https:\/\/www.joelmariteau.fr\/carnet\/wp-content\/uploads\/2024\/12\/FRANCE.JPG-300x212.png 300w, https:\/\/www.joelmariteau.fr\/carnet\/wp-content\/uploads\/2024\/12\/FRANCE.JPG-768x543.png 768w, https:\/\/www.joelmariteau.fr\/carnet\/wp-content\/uploads\/2024\/12\/FRANCE.JPG-1536x1086.png 1536w, https:\/\/www.joelmariteau.fr\/carnet\/wp-content\/uploads\/2024\/12\/FRANCE.JPG-2048x1448.png 2048w\" sizes=\"auto, (max-width: 1024px) 100vw, 1024px\" \/><\/figure>\n\n\n\n<hr class=\"wp-block-separator has-alpha-channel-opacity\"\/>\n\n\n\n<p class=\"has-light-gray-background-color has-background\"><em><strong>Typologie des densit\u00e9s communales dans le grand Ouest<\/strong><\/em><\/p>\n\n\n\n<figure class=\"wp-block-image size-large\"><img loading=\"lazy\" decoding=\"async\" width=\"1024\" height=\"724\" src=\"https:\/\/www.joelmariteau.fr\/carnet\/wp-content\/uploads\/2024\/12\/FRANCE.JPG_2-1024x724.png\" alt=\"\" class=\"wp-image-662\" srcset=\"https:\/\/www.joelmariteau.fr\/carnet\/wp-content\/uploads\/2024\/12\/FRANCE.JPG_2-1024x724.png 1024w, https:\/\/www.joelmariteau.fr\/carnet\/wp-content\/uploads\/2024\/12\/FRANCE.JPG_2-300x212.png 300w, https:\/\/www.joelmariteau.fr\/carnet\/wp-content\/uploads\/2024\/12\/FRANCE.JPG_2-768x543.png 768w, https:\/\/www.joelmariteau.fr\/carnet\/wp-content\/uploads\/2024\/12\/FRANCE.JPG_2-1536x1086.png 1536w, https:\/\/www.joelmariteau.fr\/carnet\/wp-content\/uploads\/2024\/12\/FRANCE.JPG_2-2048x1448.png 2048w\" sizes=\"auto, (max-width: 1024px) 100vw, 1024px\" \/><\/figure>\n\n\n\n<hr class=\"wp-block-separator has-alpha-channel-opacity\"\/>\n\n\n\n<p class=\"has-light-gray-background-color has-background\"><em><strong>Typologie des densit\u00e9s communales dans les C\u00f4tes d&rsquo;Armor (22)<\/strong><\/em><\/p>\n\n\n\n<figure class=\"wp-block-image size-large\"><img loading=\"lazy\" decoding=\"async\" width=\"1024\" height=\"724\" src=\"https:\/\/www.joelmariteau.fr\/carnet\/wp-content\/uploads\/2024\/12\/VENDEE-1024x724.png\" alt=\"\" class=\"wp-image-673\" srcset=\"https:\/\/www.joelmariteau.fr\/carnet\/wp-content\/uploads\/2024\/12\/VENDEE-1024x724.png 1024w, https:\/\/www.joelmariteau.fr\/carnet\/wp-content\/uploads\/2024\/12\/VENDEE-300x212.png 300w, https:\/\/www.joelmariteau.fr\/carnet\/wp-content\/uploads\/2024\/12\/VENDEE-768x543.png 768w, https:\/\/www.joelmariteau.fr\/carnet\/wp-content\/uploads\/2024\/12\/VENDEE-1536x1086.png 1536w, https:\/\/www.joelmariteau.fr\/carnet\/wp-content\/uploads\/2024\/12\/VENDEE-2048x1448.png 2048w\" sizes=\"auto, (max-width: 1024px) 100vw, 1024px\" \/><\/figure>\n\n\n\n<div class=\"wp-block-group\"><div class=\"wp-block-group__inner-container is-layout-constrained wp-block-group-is-layout-constrained\">\n<p class=\"has-gray-color has-text-color has-link-color wp-elements-03eebccd4a80a239c05e776071681d71\"><em>Carte choropl\u00e8the : typologie communale des densit\u00e9s de population en Vend\u00e9e.<\/em><\/p>\n\n\n\n<p class=\"has-accent-color has-text-color has-link-color wp-elements-02b69e2f2036645aa578a37260f03ca9\"><em>Lecture de la l\u00e9gende du plus dense au moins dense :<\/em><\/p>\n\n\n\n<ul class=\"wp-block-list\">\n<li><strong>Grands centres urbains<\/strong> : aucun en Vend\u00e9e selon la typologie de l&rsquo;Insee.<\/li>\n\n\n\n<li><strong>Centre urbains interm\u00e9diaires<\/strong> : La Roche-Sur-Yon.<\/li>\n\n\n\n<li><strong>Ceintures urbaines<\/strong> : aucune en Vend\u00e9e.<\/li>\n\n\n\n<li><strong>Petites villes<\/strong> : Les Sables-D&rsquo;Olonne ; Challans ; Lu\u00e7on ; Fontenay-Le-Comte ; Saint-Hilaire-de-Riez ; Montaigu ; Les Herbiers ; Aizenay.<\/li>\n\n\n\n<li><strong>Bourgs ruraux<\/strong> : les plus nombreux avec le type suivant, essentiellement autour de la Roche-Sur-Yon et des Herbiers, et une bande au Sud Vend\u00e9e allant de Talmont-Saint-Hilaire \u00e0 Sainte-Rad\u00e9gonde-des-Noyers en passant par La Tranche-Sur-Mer et L&rsquo;Aiguillon-La-Presqu&rsquo;\u00cele)<\/li>\n\n\n\n<li><strong>Rural \u00e0 habitat dispers\u00e9<\/strong> : principalement dans le quart sud-est du d\u00e9partement et quelques communes au nord et au sud de la Roche-Sur-Yon.<\/li>\n\n\n\n<li><strong>Rural \u00e0 habitat tr\u00e8s dispers\u00e9<\/strong> : deux communes limitrophes avec le d\u00e9partement des Deux-S\u00e8vres : Faymoreau et Marillet, qui sont le prolongement d&rsquo;un ensemble de communes du m\u00eame type dans le d\u00e9partement des Deux-S\u00e8vres.<\/li>\n<\/ul>\n<\/div><\/div>\n\n\n\n<hr class=\"wp-block-separator has-alpha-channel-opacity\"\/>\n\n\n\n<figure class=\"wp-block-image size-large\"><img loading=\"lazy\" decoding=\"async\" width=\"1024\" height=\"724\" src=\"https:\/\/www.joelmariteau.fr\/carnet\/wp-content\/uploads\/2024\/12\/DPT22-1-1024x724.png\" alt=\"\" class=\"wp-image-674\" srcset=\"https:\/\/www.joelmariteau.fr\/carnet\/wp-content\/uploads\/2024\/12\/DPT22-1-1024x724.png 1024w, https:\/\/www.joelmariteau.fr\/carnet\/wp-content\/uploads\/2024\/12\/DPT22-1-300x212.png 300w, https:\/\/www.joelmariteau.fr\/carnet\/wp-content\/uploads\/2024\/12\/DPT22-1-768x543.png 768w, https:\/\/www.joelmariteau.fr\/carnet\/wp-content\/uploads\/2024\/12\/DPT22-1-1536x1086.png 1536w, https:\/\/www.joelmariteau.fr\/carnet\/wp-content\/uploads\/2024\/12\/DPT22-1-2048x1448.png 2048w\" sizes=\"auto, (max-width: 1024px) 100vw, 1024px\" \/><\/figure>\n\n\n\n<p class=\"has-gray-color has-text-color has-link-color wp-elements-3c3653cbdee987e64edd86188ae780a1\"><em>Carte choropl\u00e8the : typologie communale des densit\u00e9s de population des C\u00f4tes d&rsquo;Armor.<\/em><\/p>\n\n\n\n<p class=\"has-accent-color has-text-color has-link-color wp-elements-02b69e2f2036645aa578a37260f03ca9\"><em>Lecture de la l\u00e9gende du plus dense au moins dense :<\/em><\/p>\n\n\n\n<ul class=\"wp-block-list\">\n<li><strong>Grands centres urbains<\/strong> : l&rsquo;agglom\u00e9ration de Saint-Brieuc (la ville-centre de Saint-Brieuc et ses extensions urbaines vers Ploufragan, Langueux et Tr\u00e9gueux) ainsi que ses marges urbanis\u00e9es (Pl\u00e9rin, Yffiniac, Pommeret).<\/li>\n\n\n\n<li><strong>Centres urbains interm\u00e9diaires <\/strong>: Dinan (et sa banlieue : Qu\u00e9vert et Lanvallay), Guingamp et son prolongement (Pabu).<\/li>\n\n\n\n<li><strong>Ceintures urbaines<\/strong> : Qu\u00e9vert et Lanvallay autour de Dinan ; Pommeret et Plumagouar prolongement de  Guingamp ; Lancieux et Beaussais-sur-Mer ceinture en front de mer de Dinard (35).<\/li>\n\n\n\n<li><strong>Petites villes<\/strong> : L&rsquo;axe Lannion<em>\u2013<\/em>Perros-Guirrec<em>\u2013<\/em>Tr\u00e9gastel ; Pontivy ; Binic-Etables<em>\u2013<\/em>Saint-Quay-Portrieux ; Paimpol.<\/li>\n\n\n\n<li><strong>Bourgs ruraux<\/strong> : une essentiellement le long des axes de circulation : la RN12 ; l&rsquo;axe Saint-Brieuc<em>\u2013<\/em>Loud\u00e9ac ; <\/li>\n\n\n\n<li><strong>Rural \u00e0 habitat dispers\u00e9<\/strong> : plus de la moiti\u00e9 des communes, principalement dans la moiti\u00e9 nord du d\u00e9partement proche de la Manche et\/ou \u00e0 proximit\u00e9 des centres urbains.<\/li>\n\n\n\n<li><strong>Rural \u00e0 habitat tr\u00e8s dispers\u00e9<\/strong> : plus d&rsquo;un tiers des communes, essentiellement situ\u00e9es au sud (surtout \u00e0 l&rsquo;ouest du d\u00e9partement), les plus \u00e9loign\u00e9es des centres urbains.<\/li>\n<\/ul>\n\n\n\n<hr class=\"wp-block-separator has-alpha-channel-opacity\"\/>\n\n\n<ol class=\"wp-block-footnotes has-small-font-size\"><li id=\"8e7fde2c-a5ca-4e61-b2a5-60d05b528cfb\">Source : INSEE \/ <a href=\"https:\/\/www.insee.fr\/fr\/information\/6439600\">https:\/\/www.insee.fr\/fr\/information\/6439600<\/a> <a href=\"#8e7fde2c-a5ca-4e61-b2a5-60d05b528cfb-link\" aria-label=\"Aller \u00e0 la note de bas de page 1\">\u21a9\ufe0e<\/a><\/li><\/ol>\n\n\n<p><\/p>\n","protected":false},"excerpt":{"rendered":"<p>Avec la mise \u00e0 jour des donn\u00e9es de l&rsquo;INSEE (mai 2024), il est possible d&rsquo;actualiser les cartes des densit\u00e9s de<\/p>\n","protected":false},"author":1,"featured_media":662,"comment_status":"open","ping_status":"open","sticky":false,"template":"","format":"standard","meta":{"footnotes":"[{\"content\":\"Source : INSEE \/ <a href=\\\"https:\/\/www.insee.fr\/fr\/information\/6439600\\\">https:\/\/www.insee.fr\/fr\/information\/6439600<\/a>\",\"id\":\"8e7fde2c-a5ca-4e61-b2a5-60d05b528cfb\"}]"},"categories":[18,7,6],"tags":[20,21,24,59,14,16],"class_list":["post-657","post","type-post","status-publish","format-standard","has-post-thumbnail","hentry","category-carte","category-cartographie","category-geographie","tag-carte","tag-demographie","tag-densite","tag-densites","tag-geographie","tag-qgis"],"_links":{"self":[{"href":"https:\/\/www.joelmariteau.fr\/carnet\/wp-json\/wp\/v2\/posts\/657","targetHints":{"allow":["GET"]}}],"collection":[{"href":"https:\/\/www.joelmariteau.fr\/carnet\/wp-json\/wp\/v2\/posts"}],"about":[{"href":"https:\/\/www.joelmariteau.fr\/carnet\/wp-json\/wp\/v2\/types\/post"}],"author":[{"embeddable":true,"href":"https:\/\/www.joelmariteau.fr\/carnet\/wp-json\/wp\/v2\/users\/1"}],"replies":[{"embeddable":true,"href":"https:\/\/www.joelmariteau.fr\/carnet\/wp-json\/wp\/v2\/comments?post=657"}],"version-history":[{"count":6,"href":"https:\/\/www.joelmariteau.fr\/carnet\/wp-json\/wp\/v2\/posts\/657\/revisions"}],"predecessor-version":[{"id":675,"href":"https:\/\/www.joelmariteau.fr\/carnet\/wp-json\/wp\/v2\/posts\/657\/revisions\/675"}],"wp:featuredmedia":[{"embeddable":true,"href":"https:\/\/www.joelmariteau.fr\/carnet\/wp-json\/wp\/v2\/media\/662"}],"wp:attachment":[{"href":"https:\/\/www.joelmariteau.fr\/carnet\/wp-json\/wp\/v2\/media?parent=657"}],"wp:term":[{"taxonomy":"category","embeddable":true,"href":"https:\/\/www.joelmariteau.fr\/carnet\/wp-json\/wp\/v2\/categories?post=657"},{"taxonomy":"post_tag","embeddable":true,"href":"https:\/\/www.joelmariteau.fr\/carnet\/wp-json\/wp\/v2\/tags?post=657"}],"curies":[{"name":"wp","href":"https:\/\/api.w.org\/{rel}","templated":true}]}}