{"id":7,"date":"2022-12-23T18:30:05","date_gmt":"2022-12-23T17:30:05","guid":{"rendered":"https:\/\/www.joelmariteau.fr\/carnet\/?p=7"},"modified":"2023-12-26T11:59:30","modified_gmt":"2023-12-26T10:59:30","slug":"indices-de-positionnement-social-indicateur-sur-la-mixite-des-etablissements","status":"publish","type":"post","link":"https:\/\/www.joelmariteau.fr\/carnet\/2022\/12\/indices-de-positionnement-social-indicateur-sur-la-mixite-des-etablissements\/","title":{"rendered":"Indice de position sociale : indicateur de la position sociale des \u00e9l\u00e8ves d&rsquo;un \u00e9tablissement"},"content":{"rendered":"\n<p class=\"has-light-gray-background-color has-background\"><strong>C&rsquo;est par la contrainte que le Minist\u00e8re de l&rsquo;Education nationale a publi\u00e9 l\u2019ensemble des informations relatives aux Indices de position sociale (<abbr class='c2c-text-hover' title='Indice de Position Sociale'>IPS<\/abbr>) des coll\u00e8ges, suite a une d\u00e9cision du Conseil d&rsquo;Etat. Ces donn\u00e9es attestent que l&rsquo;enseignement priv\u00e9 ne joue pas le jeu de la mixit\u00e9 scolaire et contribue m\u00eame \u00e0 renforcer la s\u00e9gr\u00e9gation sociale sur certains territoires.<\/strong><\/p>\n\n\n\n<div class=\"wp-block-buttons is-layout-flex wp-block-buttons-is-layout-flex\"><\/div>\n\n\n\n<figure class=\"wp-block-image size-full\"><img loading=\"lazy\" decoding=\"async\" width=\"945\" height=\"456\" src=\"https:\/\/www.joelmariteau.fr\/carnet\/wp-content\/uploads\/2022\/12\/image.png\" alt=\"\" class=\"wp-image-11\" srcset=\"https:\/\/www.joelmariteau.fr\/carnet\/wp-content\/uploads\/2022\/12\/image.png 945w, https:\/\/www.joelmariteau.fr\/carnet\/wp-content\/uploads\/2022\/12\/image-300x145.png 300w, https:\/\/www.joelmariteau.fr\/carnet\/wp-content\/uploads\/2022\/12\/image-768x371.png 768w\" sizes=\"auto, (max-width: 945px) 100vw, 945px\" \/><\/figure>\n\n\n\n<p class=\"has-pale-cyan-blue-background-color has-background has-medium-font-size\">Les indices ont \u00e9t\u00e9 mis en ligne par le minist\u00e8re \u00e0 cette adresse : <a href=\"https:\/\/data.education.gouv.fr\/explore\/dataset\/fr-en-ips_colleges\/information\/\" target=\"_blank\" rel=\"noreferrer noopener\">https:\/\/data.education.gouv.fr\/explore\/dataset\/fr-en-ips_colleges\/information\/<\/a><\/p>\n\n\n\n<p><strong>L&rsquo;Indice de position sociale<\/strong><\/p>\n\n\n\n<blockquote class=\"wp-block-quote is-layout-flow wp-block-quote-is-layout-flow\">\n<p class=\"has-light-gray-background-color has-background\" id=\"block-8d5d9311-c637-4c95-91f9-8ab0ce0192ea\">L\u2019Indice de position sociale est un indicateur mis en place par la DEPP (Direction de l\u2019\u00e9valuation de la prospective et de la performance, autrement dit le service statistique de l\u2019\u00c9ducation Nationale) afin d\u2019\u00e9tablir l\u2019impact des professions des parents sur la scolarit\u00e9 de leurs enfants. Pour ce faire, la DEPP a attribu\u00e9 un indice d\u00e9termin\u00e9 par les habitudes \u00e9ducatives et culturelles pour diff\u00e9rentes professions (Plus d\u2019information sur la construction de l\u2019<abbr class='c2c-text-hover' title='Indice de Position Sociale'>IPS<\/abbr>&nbsp;<a href=\"https:\/\/www.education.gouv.fr\/media\/17207\/download\">ici<\/a>).<br>Ainsi, un\u00b7e \u00e9l\u00e8ve qui vivrait seul\u00b7e avec sa m\u00e8re ch\u00f4meuse aurait un <abbr class='c2c-text-hover' title='Indice de Position Sociale'>IPS<\/abbr> de 38 alors qu\u2019un\u00b7e \u00e9l\u00e8ve qui vivrait avec une m\u00e8re professeur des \u00e9coles et un p\u00e8re ing\u00e9nieur aurait un <abbr class='c2c-text-hover' title='Indice de Position Sociale'>IPS<\/abbr> de 179.<br>L\u2019objectif de l\u2019<abbr class='c2c-text-hover' title='Indice de Position Sociale'>IPS<\/abbr> est de prendre en compte les effets moyens du milieu social sur la scolarit\u00e9. Comme tout indicateur, il a des limites. Il ne prend par exemple pas en compte les disparit\u00e9s g\u00e9ographiques (Est-ce la m\u00eame chose d\u2019\u00eatre vendeur\u00b7se place Vend\u00f4me que dans une banlieue?).<br>A chaque coll\u00e8ge, son <abbr class='c2c-text-hover' title='Indice de Position Sociale'>IPS<\/abbr> moyen, calcul\u00e9 sur la base des <abbr class='c2c-text-hover' title='Indice de Position Sociale'>IPS<\/abbr> \u00e9l\u00e8ves.<\/p>\n<cite><a rel=\"noreferrer noopener\" href=\"https:\/\/www.snes.edu\/article\/ips-des-colleges-prives-le-separatisme-des-riches-detruit-la-mixite-sociale-dans-les-colleges-publics\/\" target=\"_blank\"><strong><abbr class='c2c-text-hover' title='Indice de Position Sociale'>IPS<\/abbr> : les coll\u00e8ges priv\u00e9s d\u00e9truisent la mixit\u00e9 sociale dans les coll\u00e8ges publics. &#8211; SNES-FSU<\/strong><\/a><\/cite><\/blockquote>\n","protected":false},"excerpt":{"rendered":"<p>C&rsquo;est par la contrainte que le Minist\u00e8re de l&rsquo;Education nationale a publi\u00e9 l\u2019ensemble des informations relatives aux Indices de position<\/p>\n","protected":false},"author":1,"featured_media":11,"comment_status":"open","ping_status":"open","sticky":false,"template":"","format":"standard","meta":{"footnotes":""},"categories":[12,6],"tags":[9,8,11],"class_list":["post-7","post","type-post","status-publish","format-standard","has-post-thumbnail","hentry","category-education","category-geographie","tag-indice-de-position-sociale","tag-ips","tag-snes-bretagne"],"_links":{"self":[{"href":"https:\/\/www.joelmariteau.fr\/carnet\/wp-json\/wp\/v2\/posts\/7","targetHints":{"allow":["GET"]}}],"collection":[{"href":"https:\/\/www.joelmariteau.fr\/carnet\/wp-json\/wp\/v2\/posts"}],"about":[{"href":"https:\/\/www.joelmariteau.fr\/carnet\/wp-json\/wp\/v2\/types\/post"}],"author":[{"embeddable":true,"href":"https:\/\/www.joelmariteau.fr\/carnet\/wp-json\/wp\/v2\/users\/1"}],"replies":[{"embeddable":true,"href":"https:\/\/www.joelmariteau.fr\/carnet\/wp-json\/wp\/v2\/comments?post=7"}],"version-history":[{"count":7,"href":"https:\/\/www.joelmariteau.fr\/carnet\/wp-json\/wp\/v2\/posts\/7\/revisions"}],"predecessor-version":[{"id":192,"href":"https:\/\/www.joelmariteau.fr\/carnet\/wp-json\/wp\/v2\/posts\/7\/revisions\/192"}],"wp:featuredmedia":[{"embeddable":true,"href":"https:\/\/www.joelmariteau.fr\/carnet\/wp-json\/wp\/v2\/media\/11"}],"wp:attachment":[{"href":"https:\/\/www.joelmariteau.fr\/carnet\/wp-json\/wp\/v2\/media?parent=7"}],"wp:term":[{"taxonomy":"category","embeddable":true,"href":"https:\/\/www.joelmariteau.fr\/carnet\/wp-json\/wp\/v2\/categories?post=7"},{"taxonomy":"post_tag","embeddable":true,"href":"https:\/\/www.joelmariteau.fr\/carnet\/wp-json\/wp\/v2\/tags?post=7"}],"curies":[{"name":"wp","href":"https:\/\/api.w.org\/{rel}","templated":true}]}}