{"id":800,"date":"2025-10-27T09:55:37","date_gmt":"2025-10-27T08:55:37","guid":{"rendered":"https:\/\/www.joelmariteau.fr\/carnet\/?p=800"},"modified":"2025-10-28T12:18:23","modified_gmt":"2025-10-28T11:18:23","slug":"laide-sociale-a-lenfance","status":"publish","type":"post","link":"https:\/\/www.joelmariteau.fr\/carnet\/2025\/10\/laide-sociale-a-lenfance\/","title":{"rendered":"L&rsquo;aide sociale \u00e0 l&rsquo;enfance"},"content":{"rendered":"\n<p class=\"has-light-gray-background-color has-background\"><strong>Quelques cartes et graphiques sur l&rsquo;aide sociale \u00e0 l&rsquo;enfance \u00e0 partir des donn\u00e9es fournies par la DRESS et l&rsquo;Insee, pour 2023.<\/strong><\/p>\n\n\n\n<h2 class=\"wp-block-heading has-tertiary-color has-text-color has-link-color wp-elements-74c29b15b67039907d802f59efb02e72\">Part des jeunes de moins de 21 ans b\u00e9n\u00e9ficiaires d&rsquo;une mesure d&rsquo;aide sociale \u00e0 l&rsquo;enfance en 2023<\/h2>\n\n\n\n<figure class=\"wp-block-image size-large\"><img loading=\"lazy\" decoding=\"async\" width=\"1024\" height=\"724\" src=\"https:\/\/www.joelmariteau.fr\/carnet\/wp-content\/uploads\/2025\/10\/ASETX-1024x724.jpg\" alt=\"\" class=\"wp-image-801\" srcset=\"https:\/\/www.joelmariteau.fr\/carnet\/wp-content\/uploads\/2025\/10\/ASETX-1024x724.jpg 1024w, https:\/\/www.joelmariteau.fr\/carnet\/wp-content\/uploads\/2025\/10\/ASETX-300x212.jpg 300w, https:\/\/www.joelmariteau.fr\/carnet\/wp-content\/uploads\/2025\/10\/ASETX-768x543.jpg 768w, https:\/\/www.joelmariteau.fr\/carnet\/wp-content\/uploads\/2025\/10\/ASETX-1536x1086.jpg 1536w, https:\/\/www.joelmariteau.fr\/carnet\/wp-content\/uploads\/2025\/10\/ASETX-2048x1448.jpg 2048w\" sizes=\"auto, (max-width: 1024px) 100vw, 1024px\" \/><figcaption class=\"wp-element-caption\"><em>Carte de la part des jeunes de moins de 21ans b\u00e9n\u00e9ficiaires d&rsquo;une mesure d&rsquo;aide sociale \u00e0 l&rsquo;enfance au 31 d\u00e9cembre 2023 (exprim\u00e9e en %)<\/em><\/figcaption><\/figure>\n\n\n\n<p>396 868 mesures d&rsquo;aide sociale \u00e0 l&rsquo;enfance ont \u00e9t\u00e9 prises en 2023. La carte de la part des jeunes de moins de 21 ans b\u00e9n\u00e9ficiaires d&rsquo;une mesure d&rsquo;aide sociale \u00e0 l&rsquo;enfance au 31 d\u00e9cembre 2023 (exprim\u00e9e en %) montre des diff\u00e9rences notables entre les d\u00e9partements.<\/p>\n\n\n\n<div class=\"wp-block-columns is-layout-flex wp-container-core-columns-is-layout-9d6595d7 wp-block-columns-is-layout-flex\">\n<div class=\"wp-block-column is-layout-flow wp-block-column-is-layout-flow\" style=\"flex-basis:100%\">\n<div class=\"wp-block-group\"><div class=\"wp-block-group__inner-container is-layout-constrained wp-block-group-is-layout-constrained\">\n<div class=\"wp-block-group\"><div class=\"wp-block-group__inner-container is-layout-constrained wp-block-group-is-layout-constrained\">\n<details class=\"wp-block-details is-layout-flow wp-block-details-is-layout-flow\"><summary><sub>&gt;&gt; <\/sub><em><strong><sub>Construction de la carte<\/sub><\/strong><sub> (\u00e0 d\u00e9rouler&#8230;)<\/sub> <\/em><\/summary>\n<div class=\"wp-block-group\"><div class=\"wp-block-group__inner-container is-layout-constrained wp-block-group-is-layout-constrained\">\n<div class=\"wp-block-group is-layout-grid wp-container-core-group-is-layout-9649a0d9 wp-block-group-is-layout-grid\">\n<p class=\"has-white-color has-black-background-color has-text-color has-background has-link-color has-small-font-size wp-elements-96874f33ac31e013c9c5cd1af8cccb45\"><em>La carte est construite autour de 5 classes \u00e0 partir de la m\u00e9thode des ruptures naturelles (Jenks), corrig\u00e9e par une analyse statistique manuelle (\u00e0 partir de l&rsquo;histogramme de la distribution).<\/em><\/p>\n\n\n\n<ul class=\"wp-block-list has-white-color has-gray-background-color has-text-color has-background has-link-color has-small-font-size wp-elements-09816a5e2ce6c43cfe97fa3ae39c46cc\">\n<li style=\"padding-top:0;padding-right:var(--wp--preset--spacing--20);padding-bottom:0;padding-left:var(--wp--preset--spacing--20)\">3,6 \u00e0 4,3<\/li>\n\n\n\n<li style=\"padding-top:0;padding-right:var(--wp--preset--spacing--20);padding-bottom:0;padding-left:var(--wp--preset--spacing--20)\">3,0 \u00e0 3,6<\/li>\n\n\n\n<li style=\"padding-top:0;padding-right:var(--wp--preset--spacing--20);padding-bottom:0;padding-left:var(--wp--preset--spacing--20)\">2,5 \u00e0 3,0<\/li>\n\n\n\n<li style=\"padding-top:0;padding-right:var(--wp--preset--spacing--20);padding-bottom:0;padding-left:var(--wp--preset--spacing--20)\">1,9 \u00e0 2,5<\/li>\n\n\n\n<li style=\"padding-top:0;padding-right:var(--wp--preset--spacing--20);padding-bottom:0;padding-left:var(--wp--preset--spacing--20)\">1,2 \u00e0 1,9<\/li>\n<\/ul>\n\n\n\n<p class=\"has-highlight-background-color has-background has-small-font-size wp-container-content-69bc4bdf\"><em>Sources :<\/em><br>&gt;&gt; <strong>DREES<\/strong>, <a href=\"https:\/\/drees.solidarites-sante.gouv.fr\/publications-communique-de-presse\/les-dossiers-de-la-drees\/250626_DD_aide-sociale-enfance-edition-2025\">enqu\u00eate Aide sociale<\/a> ;<br>&gt;&gt; <strong>Insee<\/strong>, estimations provisoires de population au 1<sup>er<\/sup> janvier 2024 (r\u00e9sultats arr\u00eat\u00e9s fin 2024).<\/p>\n\n\n\n<p class=\"has-light-gray-background-color has-background wp-container-content-69bc4bdf\"><em><sub>Carte publi\u00e9e sous licence <a href=\"https:\/\/creativecommons.org\/licenses\/by-nc-sa\/4.0\/deed.fr\">Creative Commons 4.0 \u2013 CC-BY-NC-SA<\/a>.<\/sub><\/em><\/p>\n<\/div>\n<\/div><\/div>\n<\/details>\n<\/div><\/div>\n<\/div><\/div>\n<\/div>\n<\/div>\n\n\n\n<hr class=\"wp-block-separator has-alpha-channel-opacity\"\/>\n\n\n\n<h2 class=\"wp-block-heading has-tertiary-color has-text-color has-link-color wp-elements-9f8ab30270357130b039b2482cbef5ec\">Part des mineurs b\u00e9n\u00e9ficiaires d&rsquo;une action \u00e9ducative dans la population totale en 2023<\/h2>\n\n\n\n<figure class=\"wp-block-image size-large\"><img loading=\"lazy\" decoding=\"async\" width=\"1024\" height=\"724\" src=\"https:\/\/www.joelmariteau.fr\/carnet\/wp-content\/uploads\/2025\/10\/ASE2-1-1024x724.jpg\" alt=\"\" class=\"wp-image-815\" srcset=\"https:\/\/www.joelmariteau.fr\/carnet\/wp-content\/uploads\/2025\/10\/ASE2-1-1024x724.jpg 1024w, https:\/\/www.joelmariteau.fr\/carnet\/wp-content\/uploads\/2025\/10\/ASE2-1-300x212.jpg 300w, https:\/\/www.joelmariteau.fr\/carnet\/wp-content\/uploads\/2025\/10\/ASE2-1-768x543.jpg 768w, https:\/\/www.joelmariteau.fr\/carnet\/wp-content\/uploads\/2025\/10\/ASE2-1-1536x1086.jpg 1536w, https:\/\/www.joelmariteau.fr\/carnet\/wp-content\/uploads\/2025\/10\/ASE2-1-2048x1448.jpg 2048w\" sizes=\"auto, (max-width: 1024px) 100vw, 1024px\" \/><figcaption class=\"wp-element-caption\"><em>Part de mineurs b\u00e9n\u00e9ficiaires d\u2019une action \u00e9ducative dans la population au 31 d\u00e9cembre 2023<\/em><\/figcaption><\/figure>\n\n\n\n<p>Au niveau national, la part de mineurs b\u00e9n\u00e9ficiaires d\u2019une action \u00e9ducative est de 1,2 % au 31 d\u00e9cembre 2023.<\/p>\n\n\n\n<hr class=\"wp-block-separator has-alpha-channel-opacity\"\/>\n\n\n\n<h2 class=\"wp-block-heading has-tertiary-color has-text-color has-link-color wp-elements-7aa4b0e9dc2062dcb8266a722aa40349\">Enfants plac\u00e9s chez une assistante familiale<\/h2>\n\n\n\n<figure class=\"wp-block-image size-large\"><img loading=\"lazy\" decoding=\"async\" width=\"1024\" height=\"724\" src=\"https:\/\/www.joelmariteau.fr\/carnet\/wp-content\/uploads\/2025\/10\/ASE3-1024x724.jpg\" alt=\"\" class=\"wp-image-819\" srcset=\"https:\/\/www.joelmariteau.fr\/carnet\/wp-content\/uploads\/2025\/10\/ASE3-1024x724.jpg 1024w, https:\/\/www.joelmariteau.fr\/carnet\/wp-content\/uploads\/2025\/10\/ASE3-300x212.jpg 300w, https:\/\/www.joelmariteau.fr\/carnet\/wp-content\/uploads\/2025\/10\/ASE3-768x543.jpg 768w, https:\/\/www.joelmariteau.fr\/carnet\/wp-content\/uploads\/2025\/10\/ASE3-1536x1086.jpg 1536w, https:\/\/www.joelmariteau.fr\/carnet\/wp-content\/uploads\/2025\/10\/ASE3-2048x1448.jpg 2048w\" sizes=\"auto, (max-width: 1024px) 100vw, 1024px\" \/><figcaption class=\"wp-element-caption\"><em>Part d&rsquo;enfants accueillis chez une assistante familiale parmi les enfants plac\u00e9s \u00e0 l&rsquo;ASE, en %, en 2023.<\/em><\/figcaption><\/figure>\n\n\n\n<p>Au niveau national, la part des enfants vivant principalement en famille d\u2019accueil parmi les enfants confi\u00e9s est de 36 % au 31 d\u00e9cembre 2023.<\/p>\n\n\n\n<hr class=\"wp-block-separator has-alpha-channel-opacity\"\/>\n\n\n\n<h2 class=\"wp-block-heading has-tertiary-color has-text-color has-link-color wp-elements-1d6a9796ca1ac72fb95d71a40a7e7626\">D\u00e9pense moyenne par b\u00e9n\u00e9ficiaire de mesures de l&rsquo;ASE<\/h2>\n\n\n\n<figure class=\"wp-block-image size-large\"><img loading=\"lazy\" decoding=\"async\" width=\"1024\" height=\"724\" src=\"https:\/\/www.joelmariteau.fr\/carnet\/wp-content\/uploads\/2025\/10\/ASE4-1024x724.jpg\" alt=\"\" class=\"wp-image-822\" srcset=\"https:\/\/www.joelmariteau.fr\/carnet\/wp-content\/uploads\/2025\/10\/ASE4-1024x724.jpg 1024w, https:\/\/www.joelmariteau.fr\/carnet\/wp-content\/uploads\/2025\/10\/ASE4-300x212.jpg 300w, https:\/\/www.joelmariteau.fr\/carnet\/wp-content\/uploads\/2025\/10\/ASE4-768x543.jpg 768w, https:\/\/www.joelmariteau.fr\/carnet\/wp-content\/uploads\/2025\/10\/ASE4-1536x1086.jpg 1536w, https:\/\/www.joelmariteau.fr\/carnet\/wp-content\/uploads\/2025\/10\/ASE4-2048x1448.jpg 2048w\" sizes=\"auto, (max-width: 1024px) 100vw, 1024px\" \/><figcaption class=\"wp-element-caption\"><em>Carte : d\u00e9pense annuelle moyenne d\u2019accueil par b\u00e9n\u00e9ficiaire en euros, en 2023. <\/em><\/figcaption><\/figure>\n\n\n\n<div class=\"wp-block-group is-layout-grid wp-container-core-group-is-layout-9649a0d9 wp-block-group-is-layout-grid\">\n<p class=\"has-medium-font-size wp-container-content-5f80b302\"><strong><em>Lecture<\/em><\/strong><br><strong>La d\u00e9pense annuelle moyenne d\u2019accueil par b\u00e9n\u00e9ficiaire s\u2019\u00e9l\u00e8ve, au niveau national, de 41 000 euros en 2023. <\/strong><br><strong>A l&rsquo;\u00e9chelle des d\u00e9partements, on peut observer d&rsquo;importants \u00e9carts<\/strong> <strong>avec des d\u00e9penses moyennes inf\u00e9rieures \u00e0 32 000 \u20ac<\/strong> (Landes, Ard\u00e8che, Ain, Indre, Cher, Loiret, Haute-Marne, Finist\u00e8re, Manche, Orne, Somme, Pas-de-Calais, Guyane, La R\u00e9union, La Guadeloupe) <strong>et des d\u00e9partements o\u00f9 le co\u00fbt moyen d\u00e9passe 54 000 \u20ac<\/strong> (Paris, Haut-de-Seine, Haute-Savoie).<\/p>\n\n\n\n<p class=\"has-light-gray-background-color has-background has-small-font-size\"><em>La d\u00e9pense annuelle moyenne d\u2019accueil par b\u00e9n\u00e9ficiaire est le rapport de la d\u00e9pense totale d\u2019accueil de l\u2019ann\u00e9e n au nombre moyen de b\u00e9n\u00e9ficiaires d\u2019un accueil \u00e0 l\u2019ASE, calcul\u00e9 comme la moyenne des b\u00e9n\u00e9ficiaires d\u2019un accueil \u00e0 l\u2019ASE au 31 d\u00e9cembre n-1 et des b\u00e9n\u00e9ficiaires d\u2019un accueil \u00e0 l\u2019ASE au 31 d\u00e9cembre n.<\/em> >> <a href=\"https:\/\/drees.solidarites-sante.gouv.fr\/publications-communique-de-presse\/les-dossiers-de-la-drees\/250626_DD_aide-sociale-enfance-edition-2025\">DREES, enqu\u00eate sociale<\/a><\/p>\n<\/div>\n\n\n\n<p>Ces variations s&rsquo;expliquent par une combinaison de facteurs : co\u00fbt de la prise en charge, choix politiques, budget d\u00e9partemental, nombre de mesures et d&rsquo;enfants \u00e0 prendre en charge&#8230;<\/p>\n\n\n\n<hr class=\"wp-block-separator has-alpha-channel-opacity\"\/>\n","protected":false},"excerpt":{"rendered":"<p>Quelques cartes et graphiques sur l&rsquo;aide sociale \u00e0 l&rsquo;enfance \u00e0 partir des donn\u00e9es fournies par la DRESS et l&rsquo;Insee, pour<\/p>\n","protected":false},"author":1,"featured_media":801,"comment_status":"open","ping_status":"open","sticky":false,"template":"","format":"standard","meta":{"footnotes":""},"categories":[18,12,6],"tags":[72,73,14,13],"class_list":["post-800","post","type-post","status-publish","format-standard","has-post-thumbnail","hentry","category-carte","category-education","category-geographie","tag-aide-sociale-a-lenfance","tag-ase","tag-geographie","tag-geographie-sociale"],"_links":{"self":[{"href":"https:\/\/www.joelmariteau.fr\/carnet\/wp-json\/wp\/v2\/posts\/800","targetHints":{"allow":["GET"]}}],"collection":[{"href":"https:\/\/www.joelmariteau.fr\/carnet\/wp-json\/wp\/v2\/posts"}],"about":[{"href":"https:\/\/www.joelmariteau.fr\/carnet\/wp-json\/wp\/v2\/types\/post"}],"author":[{"embeddable":true,"href":"https:\/\/www.joelmariteau.fr\/carnet\/wp-json\/wp\/v2\/users\/1"}],"replies":[{"embeddable":true,"href":"https:\/\/www.joelmariteau.fr\/carnet\/wp-json\/wp\/v2\/comments?post=800"}],"version-history":[{"count":15,"href":"https:\/\/www.joelmariteau.fr\/carnet\/wp-json\/wp\/v2\/posts\/800\/revisions"}],"predecessor-version":[{"id":827,"href":"https:\/\/www.joelmariteau.fr\/carnet\/wp-json\/wp\/v2\/posts\/800\/revisions\/827"}],"wp:featuredmedia":[{"embeddable":true,"href":"https:\/\/www.joelmariteau.fr\/carnet\/wp-json\/wp\/v2\/media\/801"}],"wp:attachment":[{"href":"https:\/\/www.joelmariteau.fr\/carnet\/wp-json\/wp\/v2\/media?parent=800"}],"wp:term":[{"taxonomy":"category","embeddable":true,"href":"https:\/\/www.joelmariteau.fr\/carnet\/wp-json\/wp\/v2\/categories?post=800"},{"taxonomy":"post_tag","embeddable":true,"href":"https:\/\/www.joelmariteau.fr\/carnet\/wp-json\/wp\/v2\/tags?post=800"}],"curies":[{"name":"wp","href":"https:\/\/api.w.org\/{rel}","templated":true}]}}