{"id":90,"date":"2022-12-25T23:08:24","date_gmt":"2022-12-25T22:08:24","guid":{"rendered":"https:\/\/www.joelmariteau.fr\/carnet\/?p=90"},"modified":"2023-12-26T11:53:19","modified_gmt":"2023-12-26T10:53:19","slug":"indice-de-position-sociale-des-colleges-dille-et-vilaine","status":"publish","type":"post","link":"https:\/\/www.joelmariteau.fr\/carnet\/2022\/12\/indice-de-position-sociale-des-colleges-dille-et-vilaine\/","title":{"rendered":"Indice de position sociale des coll\u00e8ges d&rsquo;Ille-et-Vilaine"},"content":{"rendered":"\n<p class=\"has-light-gray-background-color has-background\"><strong>Le minist\u00e8re de l&rsquo;Education nationale a communiqu\u00e9, sous la contrainte d&rsquo;une d\u00e9cision de justice, les indices de position sociale des coll\u00e8ges. <\/strong><strong>Cette publication permet d&rsquo;interroger la g\u00e9ographie des \u00e9tablissements du second degr\u00e9 dans le d\u00e9partement d&rsquo;Ille-et-Vilaine.<\/strong><\/p>\n\n\n\n<p><em>Cartographie et quelques pistes de r\u00e9flexion tir\u00e9es de l&rsquo;analyse de l&rsquo;Indice de Position sociale des coll\u00e8ges d&rsquo;Ille-et-Vilaine.<\/em><\/p>\n\n\n\n<figure class=\"wp-block-image size-large is-resized is-style-default\"><img loading=\"lazy\" decoding=\"async\" src=\"https:\/\/www.joelmariteau.fr\/carnet\/wp-content\/uploads\/2022\/12\/image-22-724x1024.png\" alt=\"\" class=\"wp-image-91\" width=\"880\" height=\"1245\" srcset=\"https:\/\/www.joelmariteau.fr\/carnet\/wp-content\/uploads\/2022\/12\/image-22-724x1024.png 724w, https:\/\/www.joelmariteau.fr\/carnet\/wp-content\/uploads\/2022\/12\/image-22-212x300.png 212w, https:\/\/www.joelmariteau.fr\/carnet\/wp-content\/uploads\/2022\/12\/image-22-768x1087.png 768w, https:\/\/www.joelmariteau.fr\/carnet\/wp-content\/uploads\/2022\/12\/image-22-1085x1536.png 1085w, https:\/\/www.joelmariteau.fr\/carnet\/wp-content\/uploads\/2022\/12\/image-22-1447x2048.png 1447w\" sizes=\"auto, (max-width: 880px) 100vw, 880px\" \/><figcaption class=\"wp-element-caption\"><em>Carte de l&rsquo;indice de position sociale des coll\u00e8ges en Ille-et-Vilaine<\/em><\/figcaption><\/figure>\n\n\n\n<p>La carte de l&rsquo;<abbr class='c2c-text-hover' title='Indice de Position Sociale'>IPS<\/abbr> des coll\u00e8ges du d\u00e9partement 35 est conforme \u00e0 la g\u00e9ographie \u00e9conomique et sociale du d\u00e9partement, avec un gradient suivant l&rsquo;organisation centre\/p\u00e9riph\u00e9rie, le long des axes de circulation en \u00e9toile. <\/p>\n\n\n\n<p>Un centre constitu\u00e9 par la m\u00e9tropole rennaise, avec de nombreux \u00e9tablissements \u00e0 fort ISP mais qui c\u00f4toient des \u00e9tablissement \u00e0 faible ISP, d&rsquo;o\u00f9 une moyenne de 104. Cela pose la question de la carte scolaire, du jeu du r\u00e9seau priv\u00e9 et de l&rsquo;attribution des moyens. <\/p>\n\n\n\n<p>On peut noter que la premi\u00e8re couronne p\u00e9riph\u00e9rique de Rennes est assez homog\u00e8ne avec des <abbr class='c2c-text-hover' title='Indice de Position Sociale'>IPS<\/abbr> compris entre 110 et 130.<\/p>\n\n\n\n<p>Plus on s&rsquo;\u00e9loigne du centre m\u00e9tropolitain (ou que son accessibilit\u00e9 se r\u00e9duit), plus les ISP s&rsquo;affaiblissent, et tombent sous la moyenne acad\u00e9mique (105,4) \u00e0 la lisi\u00e8re du d\u00e9partement.<\/p>\n\n\n\n<p>L&rsquo;indice de position social -qui d\u00e9coule de la position socio-\u00e9conomique de la population des familles d&rsquo;un \u00e9tablissement- est plut\u00f4t favorable dans les \u00e9tablissements de l&rsquo;agglom\u00e9ration rennaise, avec un <abbr class='c2c-text-hover' title='Indice de Position Sociale'>IPS<\/abbr> moyen de 114,7.<\/p>\n\n\n\n<h2 class=\"wp-block-heading\">Rennes, la question centrale de la carte scolaire<\/h2>\n\n\n\n<p>L&rsquo;indice de positionnement social -qui d\u00e9coule de la position socio-\u00e9conomique de la population du bassin- est plut\u00f4t favorable dans les \u00e9tablissements de l&rsquo;agglom\u00e9ration. <abbr class='c2c-text-hover' title='Indice de Position Sociale'>IPS<\/abbr> moyen de 114,7. Mais cette moyenne cache de gros \u00e9carts (minimum : 72,7 ; maximum : 141,1) selon la localisation (centre-ville) mais surtout le r\u00e9seau des \u00e9tablissements (priv\u00e9).<\/p>\n\n\n\n<figure class=\"wp-block-image size-large\"><img loading=\"lazy\" decoding=\"async\" width=\"1024\" height=\"724\" src=\"https:\/\/www.joelmariteau.fr\/carnet\/wp-content\/uploads\/2022\/12\/image-23-1024x724.png\" alt=\"\" class=\"wp-image-100\" srcset=\"https:\/\/www.joelmariteau.fr\/carnet\/wp-content\/uploads\/2022\/12\/image-23-1024x724.png 1024w, https:\/\/www.joelmariteau.fr\/carnet\/wp-content\/uploads\/2022\/12\/image-23-300x212.png 300w, https:\/\/www.joelmariteau.fr\/carnet\/wp-content\/uploads\/2022\/12\/image-23-768x543.png 768w, https:\/\/www.joelmariteau.fr\/carnet\/wp-content\/uploads\/2022\/12\/image-23-1536x1085.png 1536w, https:\/\/www.joelmariteau.fr\/carnet\/wp-content\/uploads\/2022\/12\/image-23-2048x1447.png 2048w\" sizes=\"auto, (max-width: 1024px) 100vw, 1024px\" \/><figcaption class=\"wp-element-caption\"><em>L&rsquo;<abbr class='c2c-text-hover' title='Indice de Position Sociale'>IPS<\/abbr> des coll\u00e8ges de l&rsquo;agglom\u00e9ration rennaise.<\/em><\/figcaption><\/figure>\n\n\n\n<p>Sur les 16 coll\u00e8ges dont les <abbr class='c2c-text-hover' title='Indice de Position Sociale'>IPS<\/abbr> sont les plus \u00e9lev\u00e9s (&gt;120) : 10 sont priv\u00e9s, 6 publics. Les quatre dont l&rsquo;<abbr class='c2c-text-hover' title='Indice de Position Sociale'>IPS<\/abbr> est le plus \u00e9lev\u00e9 sont des \u00e9tablissements priv\u00e9s. Le coll\u00e8ge dont l&rsquo;<abbr class='c2c-text-hover' title='Indice de Position Sociale'>IPS<\/abbr> est le plus \u00e9lev\u00e9 dans le d\u00e9partement est un \u00e9tablissement priv\u00e9 de centre-ville de pr\u00e8s de 1000 \u00e9l\u00e8ves. Or, sur les neuf coll\u00e8ges dont l&rsquo;<abbr class='c2c-text-hover' title='Indice de Position Sociale'>IPS<\/abbr> est inf\u00e9rieur \u00e0 100 : sept sont publics, un est priv\u00e9. Et parmi eux, cinq ont un <abbr class='c2c-text-hover' title='Indice de Position Sociale'>IPS<\/abbr> inf\u00e9rieur \u00e0 85.<\/p>\n\n\n\n<figure class=\"wp-block-image size-full\"><img loading=\"lazy\" decoding=\"async\" width=\"972\" height=\"719\" src=\"https:\/\/www.joelmariteau.fr\/carnet\/wp-content\/uploads\/2022\/12\/image-30.png\" alt=\"\" class=\"wp-image-124\" srcset=\"https:\/\/www.joelmariteau.fr\/carnet\/wp-content\/uploads\/2022\/12\/image-30.png 972w, https:\/\/www.joelmariteau.fr\/carnet\/wp-content\/uploads\/2022\/12\/image-30-300x222.png 300w, https:\/\/www.joelmariteau.fr\/carnet\/wp-content\/uploads\/2022\/12\/image-30-768x568.png 768w\" sizes=\"auto, (max-width: 972px) 100vw, 972px\" \/><figcaption class=\"wp-element-caption\"><em>Corr\u00e9lation entre les <abbr class='c2c-text-hover' title='Indice de Position Sociale'>IPS<\/abbr> et les effectifs des coll\u00e8ges rennais.<\/em><\/figcaption><\/figure>\n\n\n\n<p>Les deux coll\u00e8ges dont l&rsquo;<abbr class='c2c-text-hover' title='Indice de Position Sociale'>IPS<\/abbr> est le plus faible sont Rosa Parks (72,7) et les Chalais (77,2) qui ne sont pas class\u00e9s <abbr class='c2c-text-hover' title='R\u00e9seau d&#039;\u00c9ducation Prioritaire'>REP<\/abbr>+. Cela interroge les crit\u00e8res de classement retenus par le rectorat.<\/p>\n\n\n\n<figure class=\"wp-block-image size-large\"><img loading=\"lazy\" decoding=\"async\" width=\"1024\" height=\"724\" src=\"https:\/\/www.joelmariteau.fr\/carnet\/wp-content\/uploads\/2022\/12\/image-28-1024x724.png\" alt=\"\" class=\"wp-image-115\" srcset=\"https:\/\/www.joelmariteau.fr\/carnet\/wp-content\/uploads\/2022\/12\/image-28-1024x724.png 1024w, https:\/\/www.joelmariteau.fr\/carnet\/wp-content\/uploads\/2022\/12\/image-28-300x212.png 300w, https:\/\/www.joelmariteau.fr\/carnet\/wp-content\/uploads\/2022\/12\/image-28-768x543.png 768w, https:\/\/www.joelmariteau.fr\/carnet\/wp-content\/uploads\/2022\/12\/image-28-1536x1085.png 1536w, https:\/\/www.joelmariteau.fr\/carnet\/wp-content\/uploads\/2022\/12\/image-28-2048x1447.png 2048w\" sizes=\"auto, (max-width: 1024px) 100vw, 1024px\" \/><figcaption class=\"wp-element-caption\"><em>Les \u00e9carts sensibles d&rsquo;<abbr class='c2c-text-hover' title='Indice de Position Sociale'>IPS<\/abbr> traduisent bien une diff\u00e9renciation des publics scolaires entre les diff\u00e9rents \u00e9tablissements de la m\u00e9tropole r\u00e9gionale.<\/em><\/figcaption><\/figure>\n\n\n\n<h2 class=\"wp-block-heading\">Quels enseignements tirer ?<\/h2>\n\n\n\n<p>Trois questions majeures se posent pour les territoires qui pr\u00e9sentent un r\u00e9seau d&rsquo;\u00e9tablissements important : <\/p>\n\n\n\n<p>1 \/ Quels sont les crit\u00e8res retenus par le rectorat pour classer les \u00e9tablissements en Education prioritaire ?<\/p>\n\n\n\n<p>2\/ Quelles sont les cl\u00e9s d&rsquo;attribution des moyens aux \u00e9tablissements au regard de leur difficult\u00e9s, notamment pour les \u00e9tablissements dont l&rsquo;<abbr class='c2c-text-hover' title='Indice de Position Sociale'>IPS<\/abbr> est plus faible ? Moyens en <abbr class='c2c-text-hover' title='Dotation Globale Horaire'>DGH<\/abbr> mais aussi en personnels pluriprofessionnels : infirmiers, assistants sociaux\u2026<\/p>\n\n\n\n<p>3\/ Quels sont les principes et les crit\u00e8res retenus pour \u00e9tablir la carte scolaire afin de favoriser la mixit\u00e9 sociale dans les territoires et \u00e9viter les boucles de r\u00e9troaction n\u00e9gatives ou positives qui peuvent d\u00e9stabiliser des \u00e9tablissements ? Cela implique de poser la question de la place du r\u00e9seau priv\u00e9, qui s&rsquo;il pr\u00e9tend assurer une mission de service public, n&rsquo;est pas soumis aux m\u00eames contraintes en pouvant \u00ab\u00a0choisir\u00a0\u00bb leurs \u00e9l\u00e8ves ou permettre une d\u00e9rogation \u00e0 la carte scolaire.<\/p>\n\n\n\n<p>C&rsquo;est la question m\u00eame de la pr\u00e9tendue \u00ab\u00a0compl\u00e9mentarit\u00e9\u00a0\u00bb entre les r\u00e9seaux qui est ici pos\u00e9e. Non seulement le r\u00e9seau priv\u00e9 n&rsquo;est pas astreint aux m\u00eames contraintes que le r\u00e9seau public pour l&rsquo;inscription des \u00e9l\u00e8ves, ou pour en refuser l&rsquo;inscription, mais il a tendance \u00e0 investir des dispositifs comme les <abbr class='c2c-text-hover' title='Contrats Locaux d\u2019Apprentissage'>CLA<\/abbr><sup>(1)<\/sup> pour capter des moyens.<\/p>\n\n\n\n<p class=\"has-text-align-right has-small-font-size\">(1) <a href=\"http:\/\/www.snes.edu\/article\/prive-et-cla-un-pied-dans-la-porte-de-leducation-prioritaire\/\">Priv\u00e9 et <abbr class='c2c-text-hover' title='Contrats Locaux d\u2019Apprentissage'>CLA<\/abbr>&nbsp;: un pied dans la porte de l\u2019\u00e9ducation prioritaire &#8211; SNES-FSU<\/a> <\/p>\n\n\n\n<p>Le Service public ne doit en aucun cas s&rsquo;effacer au profit du priv\u00e9, que ce soit pour l&rsquo;implantation des \u00e9tablissements, que pour la question des enseignements dispens\u00e9s (les options notamment) ou le soutien scolaire.<\/p>\n\n\n\n<p>Cela renvoie donc plus globalement \u00e0 la question de la carte scolaire \u2013 enjeu de mixit\u00e9 sociale \u2013 qui doit guider \u00e0 \u00e9quilibrer au maximum les \u00e9tablissements, et celle des dotations allou\u00e9es aux \u00e9tablissements. <\/p>\n\n\n\n<p>Il convient donc de repenser la carte scolaire qui a \u00e9t\u00e9 fortement fragilis\u00e9e depuis le mandat Sarkozy.<strong> <\/strong>Il convient \u00e9galement d&rsquo;int\u00e9grer le facteur \u00ab\u00a0<abbr class='c2c-text-hover' title='Indice de Position Sociale'>IPS<\/abbr>\u00a0\u00bb pour affecter les dotations afin de limiter les effectifs par classe dans les \u00e9tablissements aux publics plus fragiles et leur permettre de renforcer l&rsquo;accompagnement scolaire.<\/p>\n\n\n\n<hr class=\"wp-block-separator has-alpha-channel-opacity\"\/>\n\n\n\n<figure class=\"wp-block-image size-full is-resized\"><img loading=\"lazy\" decoding=\"async\" src=\"http:\/\/www.joelmariteau.fr\/carnet\/wp-content\/uploads\/2022\/12\/image-21.png\" alt=\"\" class=\"wp-image-78\" width=\"42\" height=\"42\" srcset=\"https:\/\/www.joelmariteau.fr\/carnet\/wp-content\/uploads\/2022\/12\/image-21.png 512w, https:\/\/www.joelmariteau.fr\/carnet\/wp-content\/uploads\/2022\/12\/image-21-300x300.png 300w, https:\/\/www.joelmariteau.fr\/carnet\/wp-content\/uploads\/2022\/12\/image-21-150x150.png 150w\" sizes=\"auto, (max-width: 42px) 100vw, 42px\" \/><\/figure>\n\n\n\n<p class=\"has-highlight-background-color has-background\">Les cartes de l&rsquo;<abbr class='c2c-text-hover' title='Indice de Position Sociale'>IPS<\/abbr> des coll\u00e8ges d&rsquo;Ille-et-Vilaine ont \u00e9t\u00e9 r\u00e9alis\u00e9es par mes soins et peuvent \u00eatre t\u00e9l\u00e9charg\u00e9es ici : <a href=\"https:\/\/www.joelmariteau.fr\/carnet\/wp-content\/uploads\/2023\/03\/DPT35IPS_compressed.pdf\">cartes des <abbr class='c2c-text-hover' title='Indice de Position Sociale'>IPS<\/abbr> des coll\u00e8ges d&rsquo;Ille-et-Vilaine<\/a>.<br>Les cartes et graphiques sont publi\u00e9s sous licence <a href=\"https:\/\/creativecommons.org\/licenses\/by-nc-sa\/4.0\/deed.fr\">Creative Commons 4.0 &#8211; CC-BY-NC-SA.<\/a><\/p>\n","protected":false},"excerpt":{"rendered":"<p>Le minist\u00e8re de l&rsquo;Education nationale a communiqu\u00e9, sous la contrainte d&rsquo;une d\u00e9cision de justice, les indices de position sociale des<\/p>\n","protected":false},"author":1,"featured_media":91,"comment_status":"open","ping_status":"open","sticky":false,"template":"","format":"standard","meta":{"footnotes":""},"categories":[7,12,6],"tags":[10,14,13,9,8,16,11],"class_list":["post-90","post","type-post","status-publish","format-standard","has-post-thumbnail","hentry","category-cartographie","category-education","category-geographie","tag-cartographie","tag-geographie","tag-geographie-sociale","tag-indice-de-position-sociale","tag-ips","tag-qgis","tag-snes-bretagne"],"_links":{"self":[{"href":"https:\/\/www.joelmariteau.fr\/carnet\/wp-json\/wp\/v2\/posts\/90","targetHints":{"allow":["GET"]}}],"collection":[{"href":"https:\/\/www.joelmariteau.fr\/carnet\/wp-json\/wp\/v2\/posts"}],"about":[{"href":"https:\/\/www.joelmariteau.fr\/carnet\/wp-json\/wp\/v2\/types\/post"}],"author":[{"embeddable":true,"href":"https:\/\/www.joelmariteau.fr\/carnet\/wp-json\/wp\/v2\/users\/1"}],"replies":[{"embeddable":true,"href":"https:\/\/www.joelmariteau.fr\/carnet\/wp-json\/wp\/v2\/comments?post=90"}],"version-history":[{"count":10,"href":"https:\/\/www.joelmariteau.fr\/carnet\/wp-json\/wp\/v2\/posts\/90\/revisions"}],"predecessor-version":[{"id":208,"href":"https:\/\/www.joelmariteau.fr\/carnet\/wp-json\/wp\/v2\/posts\/90\/revisions\/208"}],"wp:featuredmedia":[{"embeddable":true,"href":"https:\/\/www.joelmariteau.fr\/carnet\/wp-json\/wp\/v2\/media\/91"}],"wp:attachment":[{"href":"https:\/\/www.joelmariteau.fr\/carnet\/wp-json\/wp\/v2\/media?parent=90"}],"wp:term":[{"taxonomy":"category","embeddable":true,"href":"https:\/\/www.joelmariteau.fr\/carnet\/wp-json\/wp\/v2\/categories?post=90"},{"taxonomy":"post_tag","embeddable":true,"href":"https:\/\/www.joelmariteau.fr\/carnet\/wp-json\/wp\/v2\/tags?post=90"}],"curies":[{"name":"wp","href":"https:\/\/api.w.org\/{rel}","templated":true}]}}